{"id":505,"__str__":"Projeto de Lei n\u00ba 253 de 2019","metadata":{},"numero":253,"ano":2019,"numero_protocolo":null,"data_apresentacao":"2019-11-11","tipo_apresentacao":"E","data_publicacao":null,"numero_origem_externa":"","ano_origem_externa":null,"data_origem_externa":null,"apelido":"","dias_prazo":null,"data_fim_prazo":null,"em_tramitacao":false,"polemica":false,"objeto":"","complementar":null,"ementa":"Disp\u00f5e sobre a Pol\u00edtica Municipal de Incentivo \u00e0 gera\u00e7\u00e3o de energia solar fotovoltaica.","indexacao":"Pol\u00edtica Municipal de Incentivo\r\ngera\u00e7\u00e3o de energia solar \r\nfotovoltaica","observacao":"Na 3\u00aa CFEO \u2013 RELATOR: Ver. Marcel Alexandre.  Na reuni\u00e3o ordin\u00e1ria, virtual, do dia 15.04.2020 (quarta-feira) foi aprovado o parecer favor\u00e1vel \u00e0 mat\u00e9ria, pela unanimidade dos membros.\r\nNo PLEN\u00c1RIO: Na reuni\u00e3o ordin\u00e1ria do dia 13.07.2020, o Plen\u00e1rio acatou o parecer da Comiss\u00e3o e em seguida encaminhou para analise da 10\u00aa Comiss\u00e3o de Turismo, Ind\u00fastria, Com\u00e9rcio, Desenvolvimento, Trabalho e Renda \r\nNa  10\u00aa  COMTICDETRE - RELATOR: Ver. Amauri Colares - Na reuni\u00e3o extraordin\u00e1ria, virtual, do dia 23.07.2020 (quinta-feira) foi aprovado o parecer favor\u00e1vel pela totalidade dos presentes.\r\nNo PLEN\u00c1RIO: Na reuni\u00e3o Ordin\u00e1ria do dia 24.08.2020 o plen\u00e1rio acatou o parecer da comiss\u00e3o e encaminhou para analise da 14\u00aa Comiss\u00e3o de Meio Ambiente, Recursos Naturais, Sustentabilidade, Vigil\u00e2ncia Permanente da Amaz\u00f4nia.\r\nNa 14\u00aa COMMARESV - RELATOR: Ver. Cl\u00e1udio Proen\u00e7a (26/08/2020-09/09/2020). Parecer favor\u00e1vel. Aprovado o parecer favoravel pela totalidade dos presentes, na reuni\u00e3o virtual do dia 02/09/2020.\r\nNo PLEN\u00c1RIO: Na reuni\u00e3o ordin\u00e1ria do dia 23.09.2020, o plen\u00e1rio acatou o parecer da Comiss\u00e3o e em seguida aprovou em 1\u00aa discuss\u00e3o.\r\nNo PLEN\u00c1RIO: Na reuni\u00e3o ordin\u00e1ria do dia 28.09.2020 foi aprovado em 2\u00aa discuss\u00e3o. Encaminhado \u00e0 san\u00e7\u00e3o do Senhor Prefeito.\r\nNa 2\u00aa CCJR \u2013 REDA\u00c7\u00c3O FINAL - RELATOR: A Comiss\u00e3o. A Comiss\u00e3o aprovou a reda\u00e7\u00e3o final da mat\u00e9ria. Tramitado \u00e0 Divis\u00e3o de Controle e Edi\u00e7\u00e3o de Leis em 28.09.2020. \r\nFoi \u00e0 san\u00e7\u00e3o (OF.N\u00ba).\r\nAPROVADO","resultado":"","texto_original":"http://sapl.cmm.am.gov.br/media/sapl/public/materialegislativa/2019/505/pl_253_2019_prof._gedeao_numerado.pdf","data_ultima_atualizacao":"2024-06-21T12:45:48.347962-04:00","ip":"177.158.251.115","ultima_edicao":"2020-09-28T08:25:49.844111-04:00","tipo":4,"regime_tramitacao":1,"tipo_origem_externa":null,"local_origem_externa":null,"user":95,"anexadas":[],"autores":[20]}