{"id":50488,"__str__":"Projeto de Lei n\u00ba 488 de 2023","metadata":{},"numero":488,"ano":2023,"numero_protocolo":479,"data_apresentacao":"2023-09-12","tipo_apresentacao":"E","data_publicacao":null,"numero_origem_externa":"","ano_origem_externa":2023,"data_origem_externa":null,"apelido":"","dias_prazo":null,"data_fim_prazo":null,"em_tramitacao":false,"polemica":null,"objeto":"","complementar":null,"ementa":"DISP\u00d5E sobre a amplia\u00e7\u00e3o do programa Faixa Liberada em Manaus e d\u00e1 outras provid\u00eancias.","indexacao":"DISP\u00d5E sobre a amplia\u00e7\u00e3o do programa Faixa Liberada em Manaus e d\u00e1 outras provid\u00eancias.","observacao":"DELIBERA\u00c7\u00c3O: 22/11/2023. \r\nEm 22/11/2023: Segue para an\u00e1lise e emiss\u00e3o de parecer da 2a. CCJR.\r\nPROCURADORIA LEGISLATIVA (23/11/2023 a 30/11/2023). Parecer contr\u00e1rio. \r\n2\u00aa CCJR - RELATOR: Vereador Fransu\u00e1 (21/12/2023 a 20/02/2024). Parecer contr\u00e1rio.\r\nArquivado. Fim de Legislatura. Art. 151 do Regimento Interno.","resultado":"","texto_original":"http://sapl.cmm.am.gov.br/media/sapl/public/materialegislativa/2023/50488/pl_488_2023_ivo_neto_faixa_liberada-rev.pdf","data_ultima_atualizacao":"2024-12-17T12:19:14.750609-04:00","ip":"172.23.1.15","ultima_edicao":"2024-12-17T12:18:59.646531-04:00","tipo":4,"regime_tramitacao":1,"tipo_origem_externa":4,"local_origem_externa":null,"user":185,"anexadas":[],"autores":[137,141,23,27,135,149]}