{"id":50483,"__str__":"Projeto de Lei n\u00ba 484 de 2023","metadata":{},"numero":484,"ano":2023,"numero_protocolo":null,"data_apresentacao":"2023-09-04","tipo_apresentacao":"E","data_publicacao":null,"numero_origem_externa":"Mens. 071","ano_origem_externa":2023,"data_origem_externa":"2023-09-04","apelido":"Salas de escolas","dias_prazo":null,"data_fim_prazo":null,"em_tramitacao":false,"polemica":false,"objeto":"Escola M\u00e1rio Jorge do Couto Lopes","complementar":false,"ementa":"ALTERA a Lei n. 398 de 26 de agosto de 1997, e d\u00e1 outras provid\u00eancias.\r\nMensagem n. 071/2023.","indexacao":"ALTERA a Lei n. 398 de 26 de agosto de 1997, e d\u00e1 outras provid\u00eancias.\r\nE. M. M\u00e1rio Jorge do Couto Lopes.","observacao":"DELIBERA\u00c7\u00c3O: 18/09/2023. \r\nEm 18/09/2023: Segue para an\u00e1lise e emiss\u00e3o de parecer da 2a. CCJR.\r\nPROCURADORIA LEGISLATIVA (20/09/2023 a 27/09/2023). Parecer favor\u00e1vel. \r\n2\u00aa CCJR - Relator: Vereador Gilmar Nascimento (2/10/2023 a 10/10/2023). Parecer favor\u00e1vel. Aprovado o parecer favor\u00e1vel, pela totalidade dos presentes, na reuni\u00e3o extraordin\u00e1ria do dia 9/10/2023.\r\n3\u00aa CFEO - Relator: Vereador Marcel Alexandre (2/10/2023 a 10/10/2023). Parecer favor\u00e1vel. Aprovado o parecer favor\u00e1vel, pela totalidade dos presentes, na reuni\u00e3o extraordin\u00e1ria do dia 11/10/2023.\r\n4\u00aa COMED - Relator: Vereador Prof Samuel (2/10/2023 a 10/10/2023). Parecer favor\u00e1vel. Aprovado o parecer favor\u00e1vel, pela totalidade dos presentes, na reuni\u00e3o extraordin\u00e1ria do dia 11/10/2023.\r\nNo PLEN\u00c1RIO: Na reuni\u00e3o ordin\u00e1ria do dia 16/10/2023, foi aprovado o parecer favor\u00e1vel da 2\u00aa Comiss\u00e3o. Projeto voltar\u00e1 ao Plen\u00e1rio para aprova\u00e7\u00e3o dos pareceres favor\u00e1veis da 3\u00aa e 4\u00aa Comiss\u00f5es.\r\nNo PLEN\u00c1RIO: Na reuni\u00e3o ordin\u00e1ria do dia 18/10/2023, foram aprovados os pareceres favor\u00e1veis da 3\u00aa e 4\u00aa Comiss\u00f5es. Projeto aprovado em 1a. discuss\u00e3o. Aguardando 2a. discuss\u00e3o na forma da lei.\r\nNo PLEN\u00c1RIO: Na reuni\u00e3o ordin\u00e1ria do dia 25/10/2023, o projeto foi APROVADO em 2\u00aa. discuss\u00e3o. Segue \u00e0 SAN\u00c7\u00c3O do senhor Prefeito.","resultado":"","texto_original":"http://sapl.cmm.am.gov.br/media/sapl/public/materialegislativa/2023/50483/pl_484_2023_-_mens._071_2023_-_salas_escola_mario_jorge_lopes.pdf","data_ultima_atualizacao":"2024-06-06T13:11:08.255455-04:00","ip":"172.17.0.1","ultima_edicao":"2023-10-25T16:04:05.806246-04:00","tipo":4,"regime_tramitacao":1,"tipo_origem_externa":4,"local_origem_externa":1,"user":13,"anexadas":[],"autores":[106]}