{"id":50477,"__str__":"Projeto de Lei n\u00ba 478 de 2023","metadata":{},"numero":478,"ano":2023,"numero_protocolo":null,"data_apresentacao":"2023-09-01","tipo_apresentacao":"E","data_publicacao":null,"numero_origem_externa":"Mens. 067","ano_origem_externa":2023,"data_origem_externa":"2023-09-01","apelido":"Implurb","dias_prazo":null,"data_fim_prazo":null,"em_tramitacao":false,"polemica":false,"objeto":"Gratifica\u00e7\u00e3o urban\u00edstica","complementar":null,"ementa":"DISP\u00d5E sobre a cria\u00e7\u00e3o e concess\u00e3o da gratifica\u00e7\u00e3o urban\u00edstica no \u00e2mbito do Instituto Municipal de Planejamento Urbano \u2013 IMPLURB, na forma que especifica.\r\nMensagem n. 067/2023.","indexacao":"DISP\u00d5E sobre a cria\u00e7\u00e3o e concess\u00e3o da gratifica\u00e7\u00e3o urban\u00edstica no \u00e2mbito do Instituto Municipal de Planejamento Urbano \u2013 IMPLURB, na forma que especifica.","observacao":"DELIBERA\u00c7\u00c3O: 18/09/2023. \r\nEm 18/09/2023: Segue para an\u00e1lise e emiss\u00e3o de parecer da 2a. CCJR.\r\nPROCURADORIA LEGISLATIVA (20/09/2023 a 27/09/2023). Parecer favor\u00e1vel.\r\n2\u00aa CCJR - Relator: Ver. Fransu\u00e1 (27/09/2023 a 09/10/2023). Parecer favor\u00e1vel. Aprovado o parecer favor\u00e1vel, pela totalidade dos presentes, na reuni\u00e3o extraordin\u00e1ria do dia 27/09/2023. \r\n3\u00aa CFEO - Relator: Ver. Marcel Alexandre (27/09/2023 a 09/10/2023). Parecer favor\u00e1vel. Aprovado o parecer favor\u00e1vel, pela totalidade dos presentes, na reuni\u00e3o extraordin\u00e1ria do dia 27/09/2023. \r\n7\u00aa COMSOP - Relator: Ver. Peixoto (27/09/2023 a 09/10/2023). Parecer favor\u00e1vel. Aprovado o parecer favor\u00e1vel, pela totalidade dos presentes, na reuni\u00e3o extraordin\u00e1ria do dia 27/09/2023.\r\nNo PLEN\u00c1RIO: Na reuni\u00e3o ordin\u00e1ria do dia 27/09/2023, foram aprovados os pareceres favor\u00e1veis da 2\u00aa, 3\u00aa e 7\u00aa Comiss\u00f5es. Projeto aprovado em 1a. discuss\u00e3o. Aguardando 2a. discuss\u00e3o na forma da lei.\r\nNo PLEN\u00c1RIO: Na reuni\u00e3o ordin\u00e1ria do dia 02/10/2023, o projeto foi APROVADO em 2\u00aa. discuss\u00e3o. Segue \u00e0 SAN\u00c7\u00c3O do senhor Prefeito.","resultado":"","texto_original":"http://sapl.cmm.am.gov.br/media/sapl/public/materialegislativa/2023/50477/pl_478_2023_-_mens._067_2023_-_gratificacao_implurb.pdf","data_ultima_atualizacao":"2024-06-06T11:27:24.264497-04:00","ip":"172.17.0.1","ultima_edicao":"2023-10-02T14:35:25.005791-04:00","tipo":4,"regime_tramitacao":1,"tipo_origem_externa":4,"local_origem_externa":1,"user":13,"anexadas":[],"autores":[106]}