{"id":50470,"__str__":"Projeto de Lei n\u00ba 473 de 2023","metadata":{},"numero":473,"ano":2023,"numero_protocolo":472,"data_apresentacao":"2023-09-01","tipo_apresentacao":"E","data_publicacao":null,"numero_origem_externa":"","ano_origem_externa":2023,"data_origem_externa":null,"apelido":"","dias_prazo":null,"data_fim_prazo":null,"em_tramitacao":false,"polemica":null,"objeto":"","complementar":null,"ementa":"INSTITUI o Dia Municipal do Sauim-de-coleira (Saguinus bicolor), a ser reconhecido e comemorado anualmente no dia 24 de outubro, e d\u00e1 outras provid\u00eancias.","indexacao":"INSTITUI o Dia Municipal do Sauim-de-coleira (Saguinus bicolor), a ser reconhecido e comemorado anualmente no dia 24 de outubro, e d\u00e1 outras provid\u00eancias.","observacao":"DELIBERA\u00c7\u00c3O: 25/10/2023. \r\nEm 25/10/2023: Segue para an\u00e1lise e emiss\u00e3o de parecer da 2a. CCJR.\r\nPROCURADORIA LEGISLATIVA (26/10/2023 a 6/11/2023). Parecer contr\u00e1rio.\r\n2\u00aa CCJR - RELATOR: Vereador Mitoso (11/12/2023 a 07/02/2024). Parecer favor\u00e1vel.\r\nArquivado. Fim de Legislatura. Art. 151 do Regimento Interno.","resultado":"","texto_original":"http://sapl.cmm.am.gov.br/media/sapl/public/materialegislativa/2023/50470/pl_473_2023_bessa_sauim_de_coleira_.pdf","data_ultima_atualizacao":"2024-12-17T12:07:12.150003-04:00","ip":"172.23.0.178","ultima_edicao":"2024-12-17T12:07:01.101979-04:00","tipo":4,"regime_tramitacao":1,"tipo_origem_externa":4,"local_origem_externa":null,"user":160,"anexadas":[],"autores":[9]}