{"id":50461,"__str__":"Projeto de Lei n\u00ba 466 de 2023","metadata":{},"numero":466,"ano":2023,"numero_protocolo":463,"data_apresentacao":"2023-08-29","tipo_apresentacao":"E","data_publicacao":null,"numero_origem_externa":"","ano_origem_externa":2023,"data_origem_externa":null,"apelido":"","dias_prazo":null,"data_fim_prazo":null,"em_tramitacao":true,"polemica":null,"objeto":"","complementar":null,"ementa":"DISP\u00d5E sobre o plantio de \u00e1rvores emba\u00fabas no munic\u00edpio de Manaus.","indexacao":"DISP\u00d5E sobre o plantio de \u00e1rvores emba\u00fabas no munic\u00edpio de Manaus.","observacao":"Projeto ARQUIVADO por n\u00e3o ter sido deliberado na mesma Sess\u00e3o Legislativa em que foi apresentado.","resultado":"","texto_original":"http://sapl.cmm.am.gov.br/media/sapl/public/materialegislativa/2023/50461/pl_466_2023_kennedy_marques_plantio_de_embaubas_rev.pdf","data_ultima_atualizacao":"2026-02-24T11:13:27.436602-04:00","ip":"172.17.0.1","ultima_edicao":"2023-12-28T11:42:00.255233-04:00","tipo":4,"regime_tramitacao":1,"tipo_origem_externa":4,"local_origem_externa":null,"user":13,"anexadas":[],"autores":[144]}