{"id":50420,"__str__":"Projeto de Lei n\u00ba 427 de 2023","metadata":{},"numero":427,"ano":2023,"numero_protocolo":424,"data_apresentacao":"2023-08-14","tipo_apresentacao":"E","data_publicacao":null,"numero_origem_externa":"","ano_origem_externa":2023,"data_origem_externa":null,"apelido":"","dias_prazo":null,"data_fim_prazo":null,"em_tramitacao":true,"polemica":null,"objeto":"","complementar":null,"ementa":"VEDA o uso de embalagens pl\u00e1sticas para comercializa\u00e7\u00e3o de alimentos in natura no munic\u00edpio de Manaus e d\u00e1 outras provid\u00eancias.","indexacao":"VEDA o uso de embalagens pl\u00e1sticas para comercializa\u00e7\u00e3o de alimentos in natura no munic\u00edpio de Manaus e d\u00e1 outras provid\u00eancias.","observacao":"Projeto ARQUIVADO por n\u00e3o ter sido deliberado na mesma Sess\u00e3o Legislativa em que foi apresentado.","resultado":"","texto_original":"http://sapl.cmm.am.gov.br/media/sapl/public/materialegislativa/2023/50420/pl_427_2023_eduardo_assis_embalagens_plasticas-rev_1.pdf","data_ultima_atualizacao":"2023-12-28T11:37:36.333568-04:00","ip":"172.17.0.1","ultima_edicao":"2023-12-28T11:36:20.992858-04:00","tipo":4,"regime_tramitacao":1,"tipo_origem_externa":4,"local_origem_externa":null,"user":13,"anexadas":[],"autores":[147]}