{"id":50419,"__str__":"Projeto de Lei n\u00ba 426 de 2023","metadata":{},"numero":426,"ano":2023,"numero_protocolo":423,"data_apresentacao":"2023-08-14","tipo_apresentacao":"E","data_publicacao":null,"numero_origem_externa":"","ano_origem_externa":2023,"data_origem_externa":null,"apelido":"","dias_prazo":null,"data_fim_prazo":null,"em_tramitacao":false,"polemica":null,"objeto":"","complementar":null,"ementa":"DISP\u00d5E sobre a classifica\u00e7\u00e3o das academias de artes marciais situadas no \u00e2mbito do munic\u00edpio de Manaus como atividade essencial \u00e0 sa\u00fade, na forma que especifica, e d\u00e1 outras provid\u00eancias.","indexacao":"DISP\u00d5E sobre a classifica\u00e7\u00e3o das academias de artes marciais situadas no \u00e2mbito do munic\u00edpio de Manaus como atividade essencial \u00e0 sa\u00fade, na forma que especifica, e d\u00e1 outras provid\u00eancias.","observacao":"DELIBERA\u00c7\u00c3O: 30/08/2023. \r\nEm 30/08/2023: Segue para an\u00e1lise e emiss\u00e3o de parecer da 2a. CCJR.\r\nPROCURADORIA LEGISLATIVA (31/8/2023 a 13/9/2023). Parecer favor\u00e1vel\r\n2\u00aa CCJR - RELATOR: Vereador Fransu\u00e1 (5/3/2024 a 13/3/2024). Parecer favor\u00e1vel. Aprovado o parecer favor\u00e1vel, pela totalidade dos presentes, na reuni\u00e3o extraordin\u00e1ria do dia 11/11/2024.\r\nEm 07/01/2025: Encerrada a 18\u00aa Legislatura, Propositura ARQUIVADA por for\u00e7a do artigo 151 do Regimento Interno da C\u00e2mara, que prev\u00ea, que finda a Legislatura, ser\u00e3o arquivadas todas as proposituras deliberadas e n\u00e3o solucionadas.","resultado":"","texto_original":"http://sapl.cmm.am.gov.br/media/sapl/public/materialegislativa/2023/50419/pl_426_2023_eduardo_assis_academias_lutas-rev_1.pdf","data_ultima_atualizacao":"2025-01-07T13:38:36.388315-04:00","ip":"172.23.5.15","ultima_edicao":"2025-01-07T13:38:24.996787-04:00","tipo":4,"regime_tramitacao":1,"tipo_origem_externa":4,"local_origem_externa":null,"user":182,"anexadas":[],"autores":[147]}