{"id":50364,"__str__":"Projeto de Lei n\u00ba 16 de 2005","metadata":{},"numero":16,"ano":2005,"numero_protocolo":null,"data_apresentacao":"2005-03-08","tipo_apresentacao":"E","data_publicacao":null,"numero_origem_externa":"001","ano_origem_externa":2005,"data_origem_externa":"2005-02-25","apelido":"Semed","dias_prazo":null,"data_fim_prazo":null,"em_tramitacao":false,"polemica":false,"objeto":"","complementar":false,"ementa":"Cria, na estrutura administrativa da Secretaria Municipal de Educa\u00e7\u00e3o e Cultura (Semed), as Escolas Municipais e CMEI que especifica e d\u00e1 outras provid\u00eancias.\r\n(Em. Jornalista Sab\u00e1 Raposo/ Em Dr. Jo\u00e3o Queiroz/ EM Prof. \u00c1lvaro C\u00e9sar de Carvalho; EM Prof. Paulo Gra\u00e7a; EM Francisco Nunes da Silva; CEMEI Prof. Rozendo Neto de Lima).","indexacao":"","observacao":"Na 2\u00aa CCJR \u2013 RELATOR: Ver. Gilmar Nascimento (21.03.2005). Antes de ser entregue ao relator a mat\u00e9ria foi encaminhada para an\u00e1lise da Procuradoria Jur\u00eddica (15.03.2005) que exarou parecer favor\u00e1vel \u00e0 mat\u00e9ria. Na reuni\u00e3o extraordin\u00e1ria do dia 22.03.2005 foi aprovado o parecer favor\u00e1vel pela totalidade dos presentes.\r\nNa 4\u00aa COMED \u2013 RELATOR: Ver. Fabr\u00edcio Lima (21.03.2005). Na reuni\u00e3o do dia 22.03.2005 foi aprovado o parecer favor\u00e1vel pela totalidade dos presentes.\r\nNo PLEN\u00c1RIIO: Na reuni\u00e3o do dia 29.03.2005 o Plen\u00e1rio acatou os pareceres da 2\u00aa e 4\u00aa Comiss\u00f5es, aprovou em discuss\u00e3o \u00fanica e encaminhou a mat\u00e9ria \u00e0 san\u00e7\u00e3o do senhor Prefeito. \r\nNa 2\u00aa CCJR \u2013 REDA\u00c7\u00c3O FINAL - RELATOR: A Comiss\u00e3o. Na reuni\u00e3o do dia 29.03.2005 foi aprovada a reda\u00e7\u00e3o final da mat\u00e9ria. Entregue ao Servi\u00e7o de Leis em 30.03.2005 (P\u00e1g. 18).\r\nFoi \u00e0 san\u00e7\u00e3o (OF. N\u00ba 010/2005 \u2013 PRES/DL/LEIS/CMM \u2013 30.03.2005). \r\nAPROVADO\r\nLei n\u00ba 840 de 31.03.2005 \u2013 D.O.M. 01.04.2005","resultado":"","texto_original":null,"data_ultima_atualizacao":"2023-07-04T13:21:19.327016-04:00","ip":"172.17.0.1","ultima_edicao":"2023-07-04T13:21:19.322821-04:00","tipo":4,"regime_tramitacao":2,"tipo_origem_externa":4,"local_origem_externa":1,"user":166,"anexadas":[],"autores":[106]}