{"id":50333,"__str__":"Projeto de Resolu\u00e7\u00e3o n\u00ba 17 de 2023","metadata":{},"numero":17,"ano":2023,"numero_protocolo":376,"data_apresentacao":"2023-06-22","tipo_apresentacao":"E","data_publicacao":null,"numero_origem_externa":"","ano_origem_externa":2023,"data_origem_externa":null,"apelido":"","dias_prazo":null,"data_fim_prazo":null,"em_tramitacao":false,"polemica":null,"objeto":"","complementar":null,"ementa":"INSTITUI, no \u00e2mbito da C\u00e2mara Municipal de Manaus, o Diploma Embaixadores de Cristo.","indexacao":"INSTITUI, no \u00e2mbito da C\u00e2mara Municipal de Manaus, o Diploma Embaixadores de Cristo.","observacao":"DELIBERA\u00c7\u00c3O: 05/07/2023. \r\nEm 05/07/2023: Segue para an\u00e1lise e emiss\u00e3o de parecer da 2a. CCJR.\r\nPROCURADORIA LEGISLATIVA (6/7/2023 a 13/7/2023). Parecer favor\u00e1vel. \r\n2\u00aa CCJR - RELATOR: vereador Fransu\u00e1 (28/8/2023 a 11/9/2023). Parecer favor\u00e1vel. Aprovado o parecer favor\u00e1vel, pela totalidade dos presentes, na reuni\u00e3o ordin\u00e1ria do dia 27/09/2023.\r\nNo PLEN\u00c1RIO: Na reuni\u00e3o ordin\u00e1ria do dia 11/12/2023, foi aprovado o parecer da 2a. Comiss\u00e3o. O projeto foi APROVADO em Discuss\u00e3o \u00danica e PROMULGADO.","resultado":"","texto_original":"http://sapl.cmm.am.gov.br/media/sapl/public/materialegislativa/2023/50333/pr_017_2023_joao_carlos_premio_amigo_das_almas-rev_.pdf","data_ultima_atualizacao":"2023-12-12T11:07:19.310778-04:00","ip":"172.17.0.1","ultima_edicao":"2023-12-12T11:04:18.024591-04:00","tipo":5,"regime_tramitacao":1,"tipo_origem_externa":5,"local_origem_externa":null,"user":13,"anexadas":[],"autores":[136,139,4,143,148,146,135,49,149,41,47]}