{"id":50300,"__str__":"Projeto de Lei n\u00ba 345 de 2023","metadata":{},"numero":345,"ano":2023,"numero_protocolo":348,"data_apresentacao":"2023-06-12","tipo_apresentacao":"E","data_publicacao":null,"numero_origem_externa":"","ano_origem_externa":2023,"data_origem_externa":null,"apelido":"","dias_prazo":null,"data_fim_prazo":null,"em_tramitacao":false,"polemica":null,"objeto":"","complementar":null,"ementa":"INSTITUI o Dia Municipal do Pastor e da Pastora Jubilado (a) na cidade de Manaus, a ser comemorado anualmente no dia 20 de agosto.","indexacao":"INSTITUI o Dia Municipal do Pastor e da Pastora Jubilado (a) na cidade de Manaus, a ser comemorado anualmente no dia 20 de agosto.","observacao":"DELIBERA\u00c7\u00c3O: 13/11/2023. \r\nEm 13/11/2023: Segue para an\u00e1lise e emiss\u00e3o de parecer da 2a. CCJR.\r\nPROCURADORIA LEGISLATIVA (17/11/2023 a 27/11/2023). Parecer favor\u00e1vel. \r\n2\u00aa CCJR - RELATOR: Vereador Fransu\u00e1 (19/12/2023 a 20/02/2024). Parecer favor\u00e1vel. Aprovado o parecer favor\u00e1vel, pela totalidade dos presentes, na reuni\u00e3o ordin\u00e1ria do dia 20/3/2024.\r\nNo PLEN\u00c1RIO: Na reuni\u00e3o ordin\u00e1ria do dia 03/07/2024, foi aprovado o parecer favor\u00e1vel da 2\u00aa Comiss\u00e3o. Projeto aprovado em 1a. discuss\u00e3o. Aguardando 2a. discuss\u00e3o na forma da lei.\r\nNo PLEN\u00c1RIO: Na reuni\u00e3o ordin\u00e1ria do dia 08/07/2024, o projeto foi APROVADO em 2\u00aa. discuss\u00e3o. Segue \u00e0 SAN\u00c7\u00c3O do senhor Prefeito.","resultado":"","texto_original":"http://sapl.cmm.am.gov.br/media/sapl/public/materialegislativa/2023/50300/pl_345_2023_joelson_silva_pastor_jubilado_revisado.pdf","data_ultima_atualizacao":"2024-08-06T10:12:29.311267-04:00","ip":"191.189.17.155","ultima_edicao":"2024-07-09T01:47:39.518886-04:00","tipo":4,"regime_tramitacao":1,"tipo_origem_externa":4,"local_origem_externa":null,"user":13,"anexadas":[],"autores":[2,147,138,139,4,10,142,23,143,27,148,146,135,49,149,41,45,47,50,155]}