{"id":50257,"__str__":"Projeto de Lei n\u00ba 313 de 2023","metadata":{},"numero":313,"ano":2023,"numero_protocolo":319,"data_apresentacao":"2023-05-29","tipo_apresentacao":"E","data_publicacao":null,"numero_origem_externa":"","ano_origem_externa":2023,"data_origem_externa":null,"apelido":"","dias_prazo":null,"data_fim_prazo":null,"em_tramitacao":true,"polemica":null,"objeto":"","complementar":null,"ementa":"DISP\u00d5E sobre a cria\u00e7\u00e3o e instala\u00e7\u00e3o, no \u00e2mbito do munic\u00edpio de Manaus, de Salas de Integra\u00e7\u00e3o Sensorial para pessoas neurodivergentes: Transtorno do Espectro Autista (TEA), Transtorno do D\u00e9ficit de Aten\u00e7\u00e3o com Hiperatividade (TDAH), Transtorno do Processamento Sensorial (TPS) e outros transtornos comportamentais.","indexacao":"DISP\u00d5E sobre a cria\u00e7\u00e3o e instala\u00e7\u00e3o, no \u00e2mbito do munic\u00edpio de Manaus, de Salas de Integra\u00e7\u00e3o Sensorial para pessoas neurodivergentes: Transtorno do Espectro Autista (TEA), Transtorno do D\u00e9ficit de Aten\u00e7\u00e3o com Hiperatividade (TDAH), Transtorno do Processamento Sensorial (TPS) e outros transtornos comportamentais.","observacao":"DELIBERA\u00c7\u00c3O: 10/07/2023. \r\nEm 10/07/2023: Segue para an\u00e1lise e emiss\u00e3o de parecer da 2a. CCJR.\r\nPROCURADORIA LEGISLATIVA (11/7/2023 a 2/8/2023). Parecer contr\u00e1rio.\r\n2\u00aa CCJR - RELATOR: Vereadora Professora Jacqueline (28/8/2023 a 11/9/2023). Parecer favor\u00e1vel.\r\n** PL recebeu Emenda n. 001, de autoria do Ver. Marcelo Serafim, no dia 15/05/2024.\r\nPROCURADORIA LEGISLATIVA (15/05/2024 a 22/05/2024). Parecer contr\u00e1rio \u00e0 Emenda 01.\r\nArquivado. Fim de Legislatura. Art. 151 do Regimento Interno.\r\nDvLEI. Em 25/03/2025. PL desarquivado pelo autor. Memorando n. 014/2025 \u2013 GVMS.\r\n2\u00aa CCJR - RELATOR: Vereadora Professora Jacqueline (14/6/2024 a 24/6/2024). Parecer favor\u00e1vel ao Projeto e \u00e0 Emenda 001.Rejeitado o parecer favor\u00e1vel ao projeto e \u00e0 emenda 001 da relatora e aprovado o parecer contr\u00e1rio da Comiss\u00e3o, pela maioria dos presentes, registrado o voto contr\u00e1rio da relatora, na reuni\u00e3o ordin\u00e1ria do dia 02/04/2025.\r\nObs: Ver\u00aa. Thaysa Lippy designada como relatora do parecer contr\u00e1rio da Comiss\u00e3o.","resultado":"","texto_original":"http://sapl.cmm.am.gov.br/media/sapl/public/materialegislativa/2023/50257/pl_313_2023_marcelo_serafim_salas_sensoriais-rev.pdf","data_ultima_atualizacao":"2026-04-27T16:03:48.278293-04:00","ip":"172.23.1.59","ultima_edicao":"2025-04-03T15:04:12.995283-04:00","tipo":4,"regime_tramitacao":1,"tipo_origem_externa":4,"local_origem_externa":null,"user":31,"anexadas":[],"autores":[17,141,145,27,29,135,49,47,50,155]}