{"id":50250,"__str__":"Projeto de Lei n\u00ba 307 de 2023","metadata":{},"numero":307,"ano":2023,"numero_protocolo":312,"data_apresentacao":"2023-05-24","tipo_apresentacao":"E","data_publicacao":null,"numero_origem_externa":"","ano_origem_externa":2023,"data_origem_externa":null,"apelido":"","dias_prazo":null,"data_fim_prazo":null,"em_tramitacao":true,"polemica":null,"objeto":"","complementar":null,"ementa":"DISP\u00d5E sobre o atendimento priorit\u00e1rio para as pessoas com tremor essencial (TE) em atendimento de urg\u00eancia e emerg\u00eancia, marca\u00e7\u00e3o de consultas eletivas e exames no \u00e2mbito do munic\u00edpio de Manaus.","indexacao":"DISP\u00d5E sobre o atendimento priorit\u00e1rio para as pessoas com tremor essencial (TE) em atendimento de urg\u00eancia e emerg\u00eancia, marca\u00e7\u00e3o de consultas eletivas e exames no \u00e2mbito do munic\u00edpio de Manaus.","observacao":"Em 28/08/2023: Projeto entrou na pauta para delibera\u00e7\u00e3o, mas n\u00e3o foi deliberado devido \u00e0 aus\u00eancia da autora.\r\nDELIBERA\u00c7\u00c3O: 30/08/2023. \r\nEm 30/08/2023: Segue para an\u00e1lise e emiss\u00e3o de parecer da 2a. CCJR.\r\nPROCURADORIA LEGISLATIVA (31/8/2023 a 13/9/2023). Parecer contr\u00e1rio.\r\n2\u00aa CCJR - RELATOR: Vereador Fransu\u00e1 (06/11/2023 a 14/11/2023). Parecer Favor\u00e1vel.\r\nArquivado. Fim de Legislatura. Art. 151 do Regimento Interno.\r\nDvLEI. Em 17/04/2025. PL Desarquivado pelo Autor. Memorando n. 030/2025 - GVYL\r\n2\u00aa CCJR - RELATOR: Vereador Fransu\u00e1 (06/11/2023 a 14/11/2023). Parecer Favor\u00e1vel. Rejeitado o parecer favor\u00e1vel do relator e aprovado o parecer contr\u00e1rio da comiss\u00e3o, pela totalidade dos presentes, na reuni\u00e3o ordin\u00e1ria do dia 13/08/2025. Sendo designado o vereador Dr. Eduardo Assis relator do parecer da Comiss\u00e3o.","resultado":"","texto_original":"http://sapl.cmm.am.gov.br/media/sapl/public/materialegislativa/2023/50250/pl_307_2023_yomara_lins_prioridade_tremor_essencial_rev.pdf","data_ultima_atualizacao":"2025-10-10T14:34:38.036413-04:00","ip":"172.23.1.59","ultima_edicao":"2025-10-10T14:33:47.621920-04:00","tipo":4,"regime_tramitacao":1,"tipo_origem_externa":4,"local_origem_externa":null,"user":31,"anexadas":[],"autores":[155]}