{"id":50238,"__str__":"Projeto de Lei n\u00ba 296 de 2023","metadata":{},"numero":296,"ano":2023,"numero_protocolo":300,"data_apresentacao":"2023-05-22","tipo_apresentacao":"E","data_publicacao":null,"numero_origem_externa":"","ano_origem_externa":2023,"data_origem_externa":null,"apelido":"","dias_prazo":null,"data_fim_prazo":null,"em_tramitacao":false,"polemica":null,"objeto":"","complementar":null,"ementa":"DENOMINA Jair Sampaio Furtado a Minivila Ol\u00edmpica do Santo Ant\u00f4nio, localizada na Av. Lu\u00eds de Cam\u00f5es, e d\u00e1 outras provid\u00eancias.","indexacao":"DENOMINA Jair Sampaio Furtado a Minivila Ol\u00edmpica do Santo Ant\u00f4nio, localizada na Av. Lu\u00eds de Cam\u00f5es, e d\u00e1 outras provid\u00eancias.","observacao":"DELIBERA\u00c7\u00c3O: 27/09/2023. \r\nEm 27/09/2023: Segue para an\u00e1lise e emiss\u00e3o de parecer da 2a. CCJR.\r\nPROCURADORIA LEGISLATIVA (2/10/2023 a 9/10/2023). Parecer contr\u00e1rio.\r\n2\u00aa CCJR - RELATOR: Ver.\u00aa Prof.\u00aa Jacqueline (06/11/2023 a 14/11/2023). Parecer contr\u00e1rio.\r\n* Obs: O vereador Rodrigo Guedes encaminhou anexo ao referido PL, no dia 09/05/2024.\r\n2\u00aa CCJR - RELATOR: Ver.\u00aa Prof.\u00aa Jacqueline (14/5/2024 a 22/5/2024). Parecer favor\u00e1vel. \r\nArquivado. Fim de Legislatura. Art. 151 do Regimento Interno.\r\nDvLEI - Em 21/02/2025 PL desarquivado pelo autor. Memorando n. 011/2025 - GVRG.\r\n2\u00aa CCJR - RELATOR: Ver.\u00aa Prof.\u00aa Jacqueline (14/5/2024 a 22/5/2024). Parecer favor\u00e1vel. Aprovado o parecer Favor\u00e1vel, pela totalidade dos presentes, na reuni\u00e3o ordin\u00e1ria do dia 19/03/2025.\r\nNo PLEN\u00c1RIO: Na reuni\u00e3o ordin\u00e1ria do dia 26/03/2025, foi aprovado o parecer favor\u00e1vel da 2\u00aa Comiss\u00e3o. Projeto encaminhado \u00e0 3\u00aa Comiss\u00e3o para an\u00e1lise e emiss\u00e3o de parecer.\r\n3\u00aa CFEO - Relator: vereador Marco Castilhos (31.03 a 07.04.25). Parecer Favor\u00e1vel. Aprovado o parecer favor\u00e1vel pela unanimidade dos membros na reuni\u00e3o ordin\u00e1ria da CFEO, realizada no dia 07 de abril de 2025.\r\nNo PLEN\u00c1RIO: Na reuni\u00e3o ordin\u00e1ria do dia 16/04/2025, foi aprovado o parecer favor\u00e1vel da 3\u00aa Comiss\u00e3o. Projeto encaminhado \u00e0 9\u00aa Comiss\u00e3o para an\u00e1lise e emiss\u00e3o de parecer.\r\n9\u00aa COMCPH - RELATOR: Ver. S\u00e9rgio Bar\u00e9 (22.04.2025-29.04.2025).  Aprovado o parecer favor\u00e1vel pela totalidade dos presentes, na reuni\u00e3o ordin\u00e1ria do dia 27 de maio de 2025.\r\nNo PLEN\u00c1RIO: Na reuni\u00e3o ordin\u00e1ria do dia 04/06/2025, foi aprovado o parecer favor\u00e1vel da 9\u00aa Comiss\u00e3o. Projeto aprovado em 1a. discuss\u00e3o. Aguardando 2a. discuss\u00e3o na forma da lei.\r\nNo PLEN\u00c1RIO: Na reuni\u00e3o ordin\u00e1ria do dia 11/06/2025, o projeto foi APROVADO em 2\u00aa. discuss\u00e3o. Segue \u00e0 SAN\u00c7\u00c3O do senhor Prefeito.","resultado":"","texto_original":"http://sapl.cmm.am.gov.br/media/sapl/public/materialegislativa/2023/50238/pl_296_2023_rodrigo_guedes_minivila_olimpica_do_sto._antonio_.pdf","data_ultima_atualizacao":"2025-06-11T15:08:28.462069-04:00","ip":"172.23.4.153","ultima_edicao":"2025-06-11T15:07:46.121500-04:00","tipo":4,"regime_tramitacao":1,"tipo_origem_externa":4,"local_origem_externa":null,"user":13,"anexadas":[],"autores":[150]}