{"id":50220,"__str__":"Projeto de Lei n\u00ba 279 de 2023","metadata":{},"numero":279,"ano":2023,"numero_protocolo":290,"data_apresentacao":"2023-05-17","tipo_apresentacao":"E","data_publicacao":null,"numero_origem_externa":"","ano_origem_externa":2023,"data_origem_externa":null,"apelido":"","dias_prazo":null,"data_fim_prazo":null,"em_tramitacao":false,"polemica":null,"objeto":"","complementar":null,"ementa":"INSTITUI, no Calend\u00e1rio Oficial da Cidade de Manaus, o Dia da Defesa Civil Municipal, a ser comemorado no dia 12 de maio.","indexacao":"INSTITUI, no Calend\u00e1rio Oficial da Cidade de Manaus, o Dia da Defesa Civil Municipal, a ser comemorado no dia 12 de maio.","observacao":"DELIBERA\u00c7\u00c3O: 05/07/2023. \r\nEm 05/07/2023: Segue para an\u00e1lise e emiss\u00e3o de parecer da 2a. CCJR.\r\nPROCURADORIA LEGISLATIVA (6/7/2023 a 13/7/2023). Parecer favor\u00e1vel.\r\n2\u00aa CCJR - RELATOR: Ver\u00aa Thaysa Lippy (02/08/2023 a 14/08/2023). Parecer favor\u00e1vel. Aprovado o parecer favor\u00e1vel, pela totalidade dos presentes, na reuni\u00e3o do dia 30/8/2023.\r\nNo PLEN\u00c1RIO: Na reuni\u00e3o ordin\u00e1ria do dia 27/09/2023, foi aprovado o parecer favor\u00e1vel da 2\u00aa Comiss\u00e3o. Projeto encaminhado \u00e0 3\u00aa Comiss\u00e3o para an\u00e1lise e emiss\u00e3o de parecer.\r\n3\u00aa CFEO - Relator: vereador Marcel Alexandre (05 a 16/10/23). Aprovado o parecer favor\u00e1vel, pela totalidade dos presentes, na reuni\u00e3o ordin\u00e1ria do dia 30/10/23, da CFEO\r\nNo PLEN\u00c1RIO: Na reuni\u00e3o ordin\u00e1ria do dia 01/11/2023, foi aprovado o parecer favor\u00e1vel da 3\u00aa Comiss\u00e3o. Projeto aprovado em 1a. discuss\u00e3o. Aguardando 2a. discuss\u00e3o na forma da lei.\r\nNo PLEN\u00c1RIO: Na reuni\u00e3o ordin\u00e1ria do dia 06/11/2023, o projeto foi APROVADO em 2\u00aa. discuss\u00e3o. Segue \u00e0 SAN\u00c7\u00c3O do senhor Prefeito.","resultado":"","texto_original":"http://sapl.cmm.am.gov.br/media/sapl/public/materialegislativa/2023/50220/pl_279_2023_mitoso_dia_da_defesa_civil_municipal_rev.pdf","data_ultima_atualizacao":"2024-06-07T09:42:51.915401-04:00","ip":"172.17.0.1","ultima_edicao":"2023-11-06T15:20:09.411694-04:00","tipo":4,"regime_tramitacao":1,"tipo_origem_externa":4,"local_origem_externa":null,"user":13,"anexadas":[],"autores":[17,23,27,146]}