{"id":50174,"__str__":"Projeto de Lei n\u00ba 236 de 2023","metadata":{},"numero":236,"ano":2023,"numero_protocolo":244,"data_apresentacao":"2023-05-05","tipo_apresentacao":"E","data_publicacao":null,"numero_origem_externa":"","ano_origem_externa":2023,"data_origem_externa":null,"apelido":"","dias_prazo":null,"data_fim_prazo":null,"em_tramitacao":true,"polemica":null,"objeto":"","complementar":null,"ementa":"INSTITUI, no Calend\u00e1rio Oficial da Cidade de Manaus, a Semana Municipal da Dan\u00e7a e d\u00e1 outras provid\u00eancias.","indexacao":"INSTITUI, no Calend\u00e1rio Oficial da Cidade de Manaus, a Semana Municipal da Dan\u00e7a e d\u00e1 outras provid\u00eancias.","observacao":"Projeto ARQUIVADO por n\u00e3o ter sido deliberado na mesma Sess\u00e3o Legislativa em que foi apresentado.","resultado":"","texto_original":"http://sapl.cmm.am.gov.br/media/sapl/public/materialegislativa/2023/50174/pl_236_2023_fransua_semana_municipal_da_danca.pdf","data_ultima_atualizacao":"2023-12-28T11:13:43.941910-04:00","ip":"172.17.0.1","ultima_edicao":"2023-12-28T11:12:57.453072-04:00","tipo":4,"regime_tramitacao":1,"tipo_origem_externa":4,"local_origem_externa":null,"user":13,"anexadas":[],"autores":[19]}