{"id":50144,"__str__":"Projeto de Lei n\u00ba 211 de 2023","metadata":{},"numero":211,"ano":2023,"numero_protocolo":null,"data_apresentacao":"2023-03-16","tipo_apresentacao":"E","data_publicacao":null,"numero_origem_externa":"Mens. 014","ano_origem_externa":2023,"data_origem_externa":"2023-03-16","apelido":"Semed","dias_prazo":null,"data_fim_prazo":null,"em_tramitacao":true,"polemica":false,"objeto":"Estrutura B\u00e1sica","complementar":false,"ementa":"ESTABELECE na estrutura b\u00e1sica da Rede P\u00fablica Municipal de Ensino de Manaus as unidades de ensino e d\u00e1 outras provid\u00eancias.\r\nMensagem 014/2023","indexacao":"Estrutura \r\nB\u00e1sica\r\nRede\r\nP\u00fablica\r\nMunicipal\r\nEnsino \r\nunidades de ensino","observacao":"DELIBERA\u00c7\u00c3O: 24/04/2023. \r\nEm 24/04/2023: Segue para an\u00e1lise e emiss\u00e3o de parecer da 2a. CCJR.\r\nPROCURADORIA LEGISLATIVA (27/4/2023 a 5/5/2023). Parecer favor\u00e1vel.\r\n2\u00aa CCJR - Relator: Vereador Gilmar Nascimento (15/5/2023 a 23/5/2023). Parecer favor\u00e1vel. Aprovado o parecer favor\u00e1vel, pela totalidade dos presentes, na reuni\u00e3o extraordin\u00e1ria no dia 15/5/2023.\r\n3\u00aa CFEO - Relator: Vereador Marcel Alexandre (15/5/2023 a 23/5/2023) - Parecer favor\u00e1vel aprovado pela totalidade dos presentes \u00e0 reuni\u00e3o extraordin\u00e1ria da CFEO, realizada no dia 15 de maio de 2023.\r\n4a COMED - Relator: Vereador Professor Samuel (15/5/2023 a 23/5/2023) - Parecer favor\u00e1vel aprovado pela totalidade dos presentes \u00e0 reuni\u00e3o extraordin\u00e1ria da COMED, realizada no dia 15 de maio de 2023.\r\nNo PLEN\u00c1RIO: Na reuni\u00e3o ordin\u00e1ria do dia 17/05/2023, foram aprovados os pareceres favor\u00e1veis da 2\u00aa, 3\u00aa e 4\u00aa Comiss\u00f5es. Projeto aprovado em 1a. discuss\u00e3o. Aguardando 2a. discuss\u00e3o na forma da lei.\r\nNo PLEN\u00c1RIO: Na reuni\u00e3o ordin\u00e1ria do dia 22/05/2023, o projeto foi APROVADO em 2\u00aa. discuss\u00e3o. Segue \u00e0 SAN\u00c7\u00c3O do senhor Prefeito.","resultado":"","texto_original":"http://sapl.cmm.am.gov.br/media/sapl/public/materialegislativa/2023/50144/pl_211_2023_-_mens._14_2023_-_estrutura_basica_educacao.pdf","data_ultima_atualizacao":"2024-06-04T12:39:05.177224-04:00","ip":"172.17.0.1","ultima_edicao":"2023-05-22T14:30:12.174858-04:00","tipo":4,"regime_tramitacao":1,"tipo_origem_externa":4,"local_origem_externa":1,"user":13,"anexadas":[],"autores":[106]}