{"id":50143,"__str__":"Projeto de Lei n\u00ba 210 de 2023","metadata":{},"numero":210,"ano":2023,"numero_protocolo":null,"data_apresentacao":"2023-03-16","tipo_apresentacao":"E","data_publicacao":null,"numero_origem_externa":"Mens. 013","ano_origem_externa":2023,"data_origem_externa":"2023-03-16","apelido":"Denomina\u00e7\u00e3o","dias_prazo":null,"data_fim_prazo":null,"em_tramitacao":false,"polemica":false,"objeto":"Av. Autaz Mirim","complementar":false,"ementa":"DISP\u00d5E sobre a altera\u00e7\u00e3o da denomina\u00e7\u00e3o da Avenida Autaz Mirim, no munic\u00edpio de Manaus, para Avenida Governador Amazonino Mendes.\r\nMensagem 13/2023","indexacao":"Altera\u00e7\u00e3o\r\nDenomina\u00e7\u00e3o\r\nAvenida \r\nAutaz Mirim\r\nGovernador\r\n Amazonino Mendes","observacao":"DELIBERA\u00c7\u00c3O: 24/04/2023. \r\nEm 24/04/2023: Segue para an\u00e1lise e emiss\u00e3o de parecer da 2a. CCJR.\r\nPROCURADORIA LEGISLATIVA (27/4/2023 a 5/5/2023). Parecer favor\u00e1vel.\r\n2\u00aa CCJR - RELATOR (A): Vereador Gilmar Nascimento (15/5/2023 a 23/5/2023). Parecer favor\u00e1vel. Aprovado o parecer favor\u00e1vel, pela totalidade dos presentes, na reuni\u00e3o extraordin\u00e1ria no dia 15/5/2023.\r\n9\u00aa COMCPH - Relator: Vereador Alonso Oliveira ( 15.05.2023 a 23.05.2023). Aprovado o parecer favor\u00e1vel pela totalidade dos presentes, com o voto contr\u00e1rio do vereador William Alem\u00e3o, na reuni\u00e3o ordin\u00e1ria do dia 15.05.2023.\r\nNo PLEN\u00c1RIO: Na reuni\u00e3o ordin\u00e1ria do dia 17/05/2023, o projeto entrou em pauta para aprova\u00e7\u00e3o dos pareceres da 2a. e 9a. Comiss\u00f5es. Vota\u00e7\u00e3o suspensa por pedido de vista ao projeto concedido, simultaneamente, aos Vereadores WILLIAM ALEM\u00c3O, WALLACE OLIVEIRA e WALLACE OLIVEIRA. (Prazo: 17 a 19/12/2022 - 11:22h).\r\nNo PLEN\u00c1RIO: Na reuni\u00e3o ordin\u00e1ria do dia 29/05/2023, o projeto foi RETIRADO DE TRAMITA\u00c7\u00c3O pelo l\u00edder do Prefeito, Ver. Fransu\u00e1.\r\nPROJETO ARQUIVADO.\r\n\r\n\r\n*PEDIDO DE VISTA:\r\n1\u00ba pedido: Ver. WILLIAM ALEM\u00c3O (Prazo: 17 a 19/05/2023).\r\n2\u00ba pedido: Ver. WALLACE OLIVEIRA\r\n3\u00ba pedido: Ver. MARCEL ALEXANDRE","resultado":"","texto_original":"http://sapl.cmm.am.gov.br/media/sapl/public/materialegislativa/2023/50143/pl_210_2023_-_mens._13_2023_-_denominacao_avenia_amazonino_mendes.pdf","data_ultima_atualizacao":"2023-06-05T11:35:50.193978-04:00","ip":"172.17.0.1","ultima_edicao":"2023-06-05T11:35:50.185834-04:00","tipo":4,"regime_tramitacao":1,"tipo_origem_externa":4,"local_origem_externa":1,"user":28,"anexadas":[],"autores":[106]}