{"id":50057,"__str__":"Projeto de Lei Complementar n\u00ba 1 de 2023","metadata":{},"numero":1,"ano":2023,"numero_protocolo":null,"data_apresentacao":"2023-03-06","tipo_apresentacao":"E","data_publicacao":null,"numero_origem_externa":"Mens. 10","ano_origem_externa":2023,"data_origem_externa":"2023-03-06","apelido":"","dias_prazo":null,"data_fim_prazo":null,"em_tramitacao":false,"polemica":false,"objeto":"","complementar":false,"ementa":"ALTERA a Lei Complementar n. 2, de 16 de janeiro de 2014, e d\u00e1 outras provid\u00eancias.\r\nMensagem 10/2023","indexacao":"Lei Complementar\r\nParque Municipal\r\nSaium Castanheira","observacao":"DELIBERA\u00c7\u00c3O: 15/03/2023. \r\nEm 15/03/2023: Segue para an\u00e1lise e emiss\u00e3o de parecer da 2a. CCJR.\r\nPROCURADORIA LEGISLATIVA (15/3/2023 a 22/3/2023). Parecer favor\u00e1vel.\r\n2\u00aa CCJR - RELATOR: Vereador Gilmar Nascimento (22/3/2023 a 3/4/2023). Parecer favor\u00e1vel. Aprovado o parecer favor\u00e1vel, pela totalidade dos presentes, na reuni\u00e3o do dia 22/3/2023.\r\nNo PLEN\u00c1RIO: Na reuni\u00e3o ordin\u00e1ria do dia 28/06/2023, o projeto foi retirado de pauta a pedido do l\u00edder do Prefeito, Ver. Fransu\u00e1.\r\n\r\n**EMENDA MODIFICATIVA 01 recebida em 22/11/2023.\r\nPROCURADORIA LEGISLATIVA (07/12/2023 a 15/12/2023). Parecer favor\u00e1vel \u00e0 Emenda 01.\r\n2\u00aa CCJR - RELATOR DA EMENDA: Vereador Fransu\u00e1 (09/02/2024 a 21/02/2024). Parecer favor\u00e1vel. Aprovado o parecer favor\u00e1vel \u00e0 Emenda 001, pela totalidade dos presentes, na reuni\u00e3o ordin\u00e1ria do dia 21/02/2023.\r\nNo PLEN\u00c1RIO: Na reuni\u00e3o ordin\u00e1ria do dia 13/03/2024, foi aprovado o parecer favor\u00e1vel da 2\u00aa Comiss\u00e3o \u00e0 Emenda 01 e ao PL. Projeto encaminhado \u00e0 14\u00aa Comiss\u00e3o para an\u00e1lise e emiss\u00e3o de parecer \u00e0 EMENDA 01 e ao PL.\r\nNa 14\u00aa COMMARESV - Relator - Ver. Kennedy Marques - (19 a 26/03/2024) - Na reuni\u00e3o extraordin\u00e1ria do dia 03/04/2024, foi aprovado o parecer favor\u00e1vel pela totalidade dos presentes.\r\nNo PLEN\u00c1RIO: Na reuni\u00e3o ordin\u00e1ria do dia 11/12/2024, foi aprovado o parecer favor\u00e1vel da 14\u00aa Comiss\u00e3o. Projeto aprovado em 1a. discuss\u00e3o. Retorna \u00e0 14a. Comiss\u00e3o para an\u00e1lise da Emenda 01.\r\nNo PLEN\u00c1RIO: Na reuni\u00e3o ordin\u00e1ria do dia 12/12/2024, foi aprovado o parecer da 14a. Comiss\u00e3o \u00e0 Emenda 001. O projeto foi APROVADO em 2\u00aa discuss\u00e3o. Segue \u00e0 SAN\u00c7\u00c3O do senhor Prefeito.","resultado":"","texto_original":"http://sapl.cmm.am.gov.br/media/sapl/public/materialegislativa/2023/50057/plc_01_2023_-_mens._10_2023_-_altera_lc_2_2014.pdf","data_ultima_atualizacao":"2024-12-12T16:00:36.435739-04:00","ip":"172.23.5.67","ultima_edicao":"2024-12-12T15:59:13.200219-04:00","tipo":9,"regime_tramitacao":1,"tipo_origem_externa":9,"local_origem_externa":1,"user":13,"anexadas":[],"autores":[106]}