{"id":50037,"__str__":"Projeto de Resolu\u00e7\u00e3o n\u00ba 7 de 2023","metadata":{},"numero":7,"ano":2023,"numero_protocolo":126,"data_apresentacao":"2023-03-08","tipo_apresentacao":"E","data_publicacao":null,"numero_origem_externa":"","ano_origem_externa":2023,"data_origem_externa":null,"apelido":"","dias_prazo":null,"data_fim_prazo":null,"em_tramitacao":false,"polemica":null,"objeto":"","complementar":null,"ementa":"DISP\u00d5E sobre a cria\u00e7\u00e3o, no \u00e2mbito da C\u00e2mara Municipal de Manaus, da Frente Parlamentar de Rela\u00e7\u00f5es Exteriores.","indexacao":"DISP\u00d5E sobre a cria\u00e7\u00e3o, no \u00e2mbito da C\u00e2mara Municipal de Manaus, da Frente Parlamentar de Rela\u00e7\u00f5es Exteriores.","observacao":"DELIBERA\u00c7\u00c3O: 13/03/2023. \r\nEm 13/03/2023: Segue para an\u00e1lise e emiss\u00e3o de parecer da 2a. CCJR.\r\nPROCURADORIA LEGISLATIVA (13/3/2023 a 20/3/2023). Parecer favor\u00e1vel.\r\n2\u00aa CCJR - RELATOR (A): Vereador Gilmar Nascimento (18/5/2023 a 29/5/2023). Parecer favor\u00e1vel. Aprovado o parecer favor\u00e1vel, pela totalidade dos presentes, na reuni\u00e3o ordin\u00e1ria do dia 7/6/2023.\r\nNo PLEN\u00c1RIO: Na reuni\u00e3o ordin\u00e1ria do dia 12/06/2023, foi aprovado o parecer favor\u00e1vel da 2\u00aa Comiss\u00e3o. Projeto encaminhado \u00e0 3\u00aa Comiss\u00e3o para an\u00e1lise e emiss\u00e3o de parecer.\r\n3\u00aa CFEO - Relator: vereador Marcel Alexandre (21.06 a 03.07.23). Parecer favor\u00e1vel. Aprovado o parecer favor\u00e1vel, pela totalidade dos presentes \u00e0 14\u00aa Reuni\u00e3o Ordin\u00e1ria da CFEO, realizada no dia 26 de junho de 2023.\r\nNo PLEN\u00c1RIO: Na reuni\u00e3o ordin\u00e1ria do dia 23/02/2023, foi aprovado o parecer favor\u00e1vel da 3\u00aa Comiss\u00e3o. Projeto aprovado em Discuss\u00e3o \u00danica e PROMULGADO.","resultado":"","texto_original":"http://sapl.cmm.am.gov.br/media/sapl/public/materialegislativa/2023/50037/pr_007_2023_joao_carlos_frente_parlamentar_-rev.pdf","data_ultima_atualizacao":"2023-06-29T11:52:22.617066-04:00","ip":"172.17.0.1","ultima_edicao":"2023-06-28T17:03:26.251838-04:00","tipo":5,"regime_tramitacao":1,"tipo_origem_externa":5,"local_origem_externa":null,"user":13,"anexadas":[],"autores":[136,4,143,27,148,135,149,50,155]}