{"id":50025,"__str__":"Projeto de Lei n\u00ba 111 de 2023","metadata":{},"numero":111,"ano":2023,"numero_protocolo":114,"data_apresentacao":"2023-03-07","tipo_apresentacao":"E","data_publicacao":null,"numero_origem_externa":"","ano_origem_externa":2023,"data_origem_externa":null,"apelido":"","dias_prazo":null,"data_fim_prazo":null,"em_tramitacao":false,"polemica":null,"objeto":"","complementar":null,"ementa":"DISP\u00d5E sobre a inclus\u00e3o de informa\u00e7\u00f5es sobre sa\u00fade mental,  de forma a prevenir e combater a depress\u00e3o, no site  de \u201cinternet\u201d oficial da Prefeitura do Munic\u00edpio de Manaus.","indexacao":"DISP\u00d5E sobre a inclus\u00e3o de informa\u00e7\u00f5es sobre sa\u00fade mental,  de forma a prevenir e combater a depress\u00e3o, no site  de \u201cinternet\u201d oficial da Prefeitura do Munic\u00edpio de Manaus.","observacao":"DELIBERA\u00c7\u00c3O: 10/05/2023. \r\nEm 10/05/2023: Segue para an\u00e1lise e emiss\u00e3o de parecer da 2a. CCJR.\r\nPROCURADORIA LEGISLATIVA (12/5/2023 a 19/5/2023). Parecer favor\u00e1vel.\r\n2\u00aa CCJR - RELATOR (A): Vereadora Professora Jacqueline (31/07/2023 a 08/08/2023). Parecer favor\u00e1vel. Aprovado o parecer favor\u00e1vel, pela totalidade dos presentes, na reuni\u00e3o do dia 20/09/2023.\r\nNo PLEN\u00c1RIO: Na reuni\u00e3o ordin\u00e1ria do dia 30/10/2023, foi aprovado o parecer favor\u00e1vel da 2\u00aa Comiss\u00e3o. Projeto encaminhado \u00e0 3\u00aa Comiss\u00e3o para an\u00e1lise e emiss\u00e3o de parecer.\r\n3\u00aa CFEO- Relator: vereador Diego Afonso (13 a 22/11/2023). Aprovado o parecer favor\u00e1vel, pela totalidade do presentes, na e Reuni\u00e3o Ordin\u00e1ria, do dia 27/11/23\r\nNo PLEN\u00c1RIO: Na reuni\u00e3o ordin\u00e1ria do dia 13/12/2023, foi aprovado o parecer favor\u00e1vel da 3\u00aa Comiss\u00e3o. Projeto encaminhado \u00e0 6\u00aa Comiss\u00e3o para an\u00e1lise e emiss\u00e3o de parecer.\r\n6\u00aa  COMSAU: RELATOR: Ver. Kennedy Marques ( 20.02.2024-27.02.2024). Aprovado o parecer favor\u00e1vel pela totalidade dos presentes, na reuni\u00e3o extraordin\u00e1ria do dia 04 de mar\u00e7o de 2024.\r\nNo PLEN\u00c1RIO: Na reuni\u00e3o ordin\u00e1ria do dia 06/03/2024, foi aprovado o parecer favor\u00e1vel da 6\u00aa Comiss\u00e3o. Projeto aprovado em 1a. discuss\u00e3o. Aguardando 2a. discuss\u00e3o na forma da lei.\r\nNo PLEN\u00c1RIO: Na reuni\u00e3o ordin\u00e1ria do dia 11/03/2024, o projeto foi APROVADO em 2\u00aa. discuss\u00e3o. Segue \u00e0 SAN\u00c7\u00c3O do senhor Prefeito.","resultado":"","texto_original":"http://sapl.cmm.am.gov.br/media/sapl/public/materialegislativa/2023/50025/pl_111_2023_william_alemao_depressao_alteracao_corrigido.pdf","data_ultima_atualizacao":"2024-08-14T12:58:33.461400-04:00","ip":"172.23.5.67","ultima_edicao":"2024-03-11T16:25:00.761909-04:00","tipo":4,"regime_tramitacao":1,"tipo_origem_externa":4,"local_origem_externa":null,"user":13,"anexadas":[],"autores":[140,147,10,17,23,145,27,135,47,154,155]}