{"id":50011,"__str__":"Projeto de Lei n\u00ba 98 de 2023","metadata":{},"numero":98,"ano":2023,"numero_protocolo":105,"data_apresentacao":"2023-03-03","tipo_apresentacao":"E","data_publicacao":null,"numero_origem_externa":"","ano_origem_externa":2023,"data_origem_externa":null,"apelido":"","dias_prazo":null,"data_fim_prazo":null,"em_tramitacao":true,"polemica":null,"objeto":"","complementar":null,"ementa":"DISP\u00d5E sobre a proibi\u00e7\u00e3o do aumento de pre\u00e7os sem justa causa nas situa\u00e7\u00f5es de emerg\u00eancia social, calamidade p\u00fablica e epidemia.","indexacao":"DISP\u00d5E sobre a proibi\u00e7\u00e3o do aumento de pre\u00e7os sem justa causa nas situa\u00e7\u00f5es de emerg\u00eancia social, calamidade p\u00fablica e epidemia.","observacao":"DELIBERA\u00c7\u00c3O: 08/03/2023. \r\nEm 08/03/2023: Segue para an\u00e1lise e emiss\u00e3o de parecer da 2a. CCJR.\r\nPROCURADORIA LEGISLATIVA (8/3/2023 a 15/3/2023). Parecer contr\u00e1rio.\r\n2\u00aa CCJR - RELATOR: Vereador Fransu\u00e1 (27/04/2023 a 09/05/2023). Parecer contr\u00e1rio. Aprovado parecer contr\u00e1rio, pela totalidade dos presentes, na reuni\u00e3o ordin\u00e1ria do dia 5/7/2023.\r\nNo PLEN\u00c1RIO: Na reuni\u00e3o ordin\u00e1ria do dia 19/02/2024, foi feita a leitura do despacho do Presidente da C\u00e2mara determinando o arquivamento da mat\u00e9ria, conforme par\u00e1grafo 1\u00ba do art. 38, do Regimento Interno, por ter recebido parecer CONTR\u00c1RIO da 2a. Comiss\u00e3o. Aberto o prazo regimental de 5 dias \u00fateis para recurso. Prazo: 20/02/2024 a 26/02/2024.\r\nEm 14/03/2024: Decorrido o prazo do parag. 1\u00ba do art. 38 do Regimento Interno. Proposi\u00e7\u00e3o ARQUIVADA.","resultado":"","texto_original":"http://sapl.cmm.am.gov.br/media/sapl/public/materialegislativa/2023/50011/pl_098_2023_roberto_sabino_aumento_28.2_rev.pdf","data_ultima_atualizacao":"2024-03-14T11:40:39.628185-04:00","ip":"172.23.5.15","ultima_edicao":"2024-03-14T11:36:56.026509-04:00","tipo":4,"regime_tramitacao":1,"tipo_origem_externa":4,"local_origem_externa":null,"user":180,"anexadas":[],"autores":[41]}