{"id":49986,"__str__":"Projeto de Lei n\u00ba 74 de 2023","metadata":{},"numero":74,"ano":2023,"numero_protocolo":80,"data_apresentacao":"2023-03-02","tipo_apresentacao":"E","data_publicacao":null,"numero_origem_externa":"","ano_origem_externa":2023,"data_origem_externa":null,"apelido":"","dias_prazo":null,"data_fim_prazo":null,"em_tramitacao":false,"polemica":null,"objeto":"","complementar":null,"ementa":"INSTITUI a Semana Municipal de Preven\u00e7\u00e3o e Prote\u00e7\u00e3o \u00e0 Sa\u00fade do Caminhoneiro, no \u00e2mbito do munic\u00edpio de Manaus, e d\u00e1 outras provid\u00eancias.","indexacao":"INSTITUI a Semana Municipal de Preven\u00e7\u00e3o e Prote\u00e7\u00e3o \u00e0 Sa\u00fade do Caminhoneiro, no \u00e2mbito do munic\u00edpio de Manaus, e d\u00e1 outras provid\u00eancias.","observacao":"O autor solicitou a RETIRADA DE TRAMITA\u00c7\u00c3O do PL n. 74/2023, por meio do Memorando 022/2023 \u2013 GVF/CMM.","resultado":"","texto_original":"http://sapl.cmm.am.gov.br/media/sapl/public/materialegislativa/2023/49986/pl_074_2023_fransua_semana_municipal_de_prevencao_e_protecao_a_saude_do_caminhoneiro.pdf","data_ultima_atualizacao":"2023-04-12T11:27:20.365938-04:00","ip":"172.17.0.1","ultima_edicao":"2023-04-12T11:26:09.845541-04:00","tipo":4,"regime_tramitacao":1,"tipo_origem_externa":4,"local_origem_externa":null,"user":13,"anexadas":[],"autores":[19]}