{"id":49959,"__str__":"Projeto de Lei n\u00ba 51 de 2023","metadata":{},"numero":51,"ano":2023,"numero_protocolo":54,"data_apresentacao":"2023-02-27","tipo_apresentacao":"E","data_publicacao":null,"numero_origem_externa":"","ano_origem_externa":2023,"data_origem_externa":null,"apelido":"","dias_prazo":null,"data_fim_prazo":null,"em_tramitacao":false,"polemica":null,"objeto":"","complementar":null,"ementa":"DISP\u00d5E sobre o Projeto Escola que Cuida na rede municipal de ensino, e d\u00e1 outras provid\u00eancias.","indexacao":"DISP\u00d5E sobre o Projeto Escola que Cuida na rede municipal de ensino, e d\u00e1 outras provid\u00eancias.","observacao":"Mat\u00e9ria Retirada de Tramita\u00e7\u00e3o pelo autor por meio do Memorando 047/2023 \u2013 GVF/CMM, do dia 15 de maio de 2023.\r\nArquivado","resultado":"","texto_original":"http://sapl.cmm.am.gov.br/media/sapl/public/materialegislativa/2023/49959/pl_051_2023_fransua_escola_que_cuida.pdf","data_ultima_atualizacao":"2023-06-21T10:30:58.430554-04:00","ip":"172.17.0.1","ultima_edicao":"2023-05-18T09:33:57.750035-04:00","tipo":4,"regime_tramitacao":1,"tipo_origem_externa":4,"local_origem_externa":null,"user":96,"anexadas":[],"autores":[19]}