{"id":49953,"__str__":"Projeto de Lei n\u00ba 46 de 2023","metadata":{},"numero":46,"ano":2023,"numero_protocolo":48,"data_apresentacao":"2023-02-16","tipo_apresentacao":"E","data_publicacao":null,"numero_origem_externa":"","ano_origem_externa":2023,"data_origem_externa":null,"apelido":"","dias_prazo":null,"data_fim_prazo":null,"em_tramitacao":false,"polemica":null,"objeto":"","complementar":null,"ementa":"DISP\u00d5E sobre a presen\u00e7a do professor mediador nas salas de aula de ensino b\u00e1sico, no \u00e2mbito do munic\u00edpio de Manaus, e d\u00e1 outras provid\u00eancias.","indexacao":"DISP\u00d5E sobre a presen\u00e7a do professor mediador nas salas de aula de ensino b\u00e1sico, no \u00e2mbito do munic\u00edpio de Manaus, e d\u00e1 outras provid\u00eancias.","observacao":"DELIBERA\u00c7\u00c3O: 29/03/2023. \r\nEm 29/03/2023: Segue para an\u00e1lise e emiss\u00e3o de parecer da 2a. CCJR.\r\nPROCURADORIA LEGISLATIVA (29/3/2023 a 5/4/2023). Parecer contr\u00e1rio. \r\n2\u00aa CCJR - RELATOR: Vereador Dr. Eduardo Assis (05/5/2023 a 15/5/2023). Parecer favor\u00e1vel. Aprovado o parecer favor\u00e1vel, pela totalidade dos presentes, na reuni\u00e3o ordin\u00e1ria do dia 7/6/2023.\r\nNo PLEN\u00c1RIO: Na reuni\u00e3o ordin\u00e1ria do dia 21/06/2023, foi aprovado o parecer favor\u00e1vel da 2\u00aa Comiss\u00e3o. Projeto encaminhado \u00e0 3\u00aa Comiss\u00e3o para an\u00e1lise e emiss\u00e3o de parecer.\r\n3\u00aa CFEO - Relator: vereador Marcel Alexandre (03.07 a 12.07.23). Pedido de vistas do vereador Lissandro Breval (07.08 a 14.08.23)\r\nMat\u00e9ria Retirada de tramita\u00e7\u00e3o pelo autor, por meio do memorando n70/23.\r\nVereador Frasua, 09 de agosto de 2023. \r\nMat\u00e9ria Arquivada.","resultado":"","texto_original":"http://sapl.cmm.am.gov.br/media/sapl/public/materialegislativa/2023/49953/pl_046_2023_fransua_professor_mediador_.pdf","data_ultima_atualizacao":"2023-08-10T12:38:53.072922-04:00","ip":"172.17.0.1","ultima_edicao":"2023-08-10T12:35:58.587910-04:00","tipo":4,"regime_tramitacao":1,"tipo_origem_externa":4,"local_origem_externa":null,"user":96,"anexadas":[],"autores":[2,140,60,147,139,19,27]}