{"id":49938,"__str__":"Projeto de Lei n\u00ba 31 de 2023","metadata":{},"numero":31,"ano":2023,"numero_protocolo":33,"data_apresentacao":"2023-02-15","tipo_apresentacao":"E","data_publicacao":null,"numero_origem_externa":"","ano_origem_externa":2023,"data_origem_externa":null,"apelido":"","dias_prazo":null,"data_fim_prazo":null,"em_tramitacao":false,"polemica":null,"objeto":"","complementar":null,"ementa":"CONSIDERA de Utilidade P\u00fablica o Instituto Paradesportivo do Amazonas.","indexacao":"CONSIDERA de Utilidade P\u00fablica o Instituto Paradesportivo do Amazonas.","observacao":"DELIBERA\u00c7\u00c3O: 27/02/2023. \r\nEm 27/02/2023: Segue para an\u00e1lise e emiss\u00e3o de parecer da 2a. CCJR.\r\nProcuradoria Legislativa (27/2/2023 a 6/3/2023). Parecer Favor\u00e1vel.\r\n2\u00aa CCJR - RELATOR (A): Vereadora Professora Jacqueline (26/04/2023 a 09/05/2023). Parecer Favor\u00e1vel. Aprovado parecer favor\u00e1vel, pela totalidade dos presentes, na reuni\u00e3o ordin\u00e1ria do dia 5/7/2023.\r\nNo PLEN\u00c1RIO: Na reuni\u00e3o ordin\u00e1ria do dia 12/07/2023, foi aprovado o parecer favor\u00e1vel da 2\u00aa Comiss\u00e3o. Projeto encaminhado \u00e0 11\u00aa Comiss\u00e3o para an\u00e1lise e emiss\u00e3o de parecer.\r\nNa 11\u00aa COMASLEP - Relator: Ver. Peixoto ( 01/08/2023 a 08/08/2023). Aprovado o parecer favor\u00e1vel na reuni\u00e3o do dia 02.10.2023, pela totalidade dos presentes.\r\nNo PLEN\u00c1RIO: Na reuni\u00e3o ordin\u00e1ria do dia 04/10/2023, foi aprovado o parecer favor\u00e1vel da 11\u00aa Comiss\u00e3o. Projeto aprovado em 1a. discuss\u00e3o. Aguardando 2a. discuss\u00e3o na forma da lei.\r\nNo PLEN\u00c1RIO: Na reuni\u00e3o ordin\u00e1ria do dia 09/10/2023, o projeto foi APROVADO em 2\u00aa. discuss\u00e3o. Segue \u00e0 SAN\u00c7\u00c3O do senhor Prefeito.","resultado":"","texto_original":"http://sapl.cmm.am.gov.br/media/sapl/public/materialegislativa/2023/49938/pl_031_2023_ivo_neto_ipa.pdf","data_ultima_atualizacao":"2024-06-06T13:01:30.614373-04:00","ip":"172.17.0.1","ultima_edicao":"2023-10-10T11:36:10.252360-04:00","tipo":4,"regime_tramitacao":1,"tipo_origem_externa":4,"local_origem_externa":null,"user":13,"anexadas":[],"autores":[136,140,137,4,141,144,135,49,47,154]}