{"id":49934,"__str__":"Projeto de Lei n\u00ba 27 de 2023","metadata":{},"numero":27,"ano":2023,"numero_protocolo":29,"data_apresentacao":"2023-02-15","tipo_apresentacao":"E","data_publicacao":null,"numero_origem_externa":"","ano_origem_externa":2023,"data_origem_externa":null,"apelido":"","dias_prazo":null,"data_fim_prazo":null,"em_tramitacao":false,"polemica":null,"objeto":"","complementar":null,"ementa":"DISP\u00d5E sobre a acessibilidade escolar para pessoas com nanismo no \u00e2mbito do munic\u00edpio de Manaus e d\u00e1 outras provid\u00eancias.","indexacao":"DISP\u00d5E sobre a acessibilidade escolar para pessoas com nanismo no \u00e2mbito do munic\u00edpio de Manaus e d\u00e1 outras provid\u00eancias.","observacao":"Em 27/02/2023: Projeto entrou na pauta para delibera\u00e7\u00e3o, mas n\u00e3o foi deliberado, pois o autor pediu retirada de pauta.\r\nProjeto ARQUIVADO a pedido do autor, em Plen\u00e1rio, na reuni\u00e3o ordin\u00e1ria do dia 05/07/2023.","resultado":"","texto_original":"http://sapl.cmm.am.gov.br/media/sapl/public/materialegislativa/2023/49934/pl_027_2023_wallace_oliveira_dispoe_sobre_pessoas_com_nanismo_.pdf","data_ultima_atualizacao":"2023-07-05T17:08:42.958540-04:00","ip":"172.17.0.1","ultima_edicao":"2023-07-05T17:07:51.279267-04:00","tipo":4,"regime_tramitacao":1,"tipo_origem_externa":4,"local_origem_externa":null,"user":13,"anexadas":[],"autores":[50]}