{"id":49905,"__str__":"Projeto de Lei n\u00ba 4 de 2023","metadata":{},"numero":4,"ano":2023,"numero_protocolo":3,"data_apresentacao":"2023-02-08","tipo_apresentacao":"E","data_publicacao":null,"numero_origem_externa":"","ano_origem_externa":2023,"data_origem_externa":null,"apelido":"","dias_prazo":null,"data_fim_prazo":null,"em_tramitacao":false,"polemica":null,"objeto":"","complementar":null,"ementa":"DENOMINA como Edson Arantes do Nascimento (Pel\u00e9) o complexo vi\u00e1rio a ser constru\u00eddo na rotat\u00f3ria denominada Bola do Produtor, na zona Leste de Manaus.","indexacao":"DENOMINA como Edson Arantes do Nascimento (Pel\u00e9) o complexo vi\u00e1rio a ser constru\u00eddo na rotat\u00f3ria denominada Bola do Produtor, na zona Leste de Manaus.","observacao":"DELIBERA\u00c7\u00c3O: 13/02/2023. \r\nEm 13/02/2023: Segue para an\u00e1lise e emiss\u00e3o de parecer da 2a. CCJR.\r\nProcuradoria: (13/02/2023 - 23/02/2023). Parecer contr\u00e1rio.\r\n2\u00aa CCJR - RELATOR (A): Vereador Dr. Eduardo Assis (24/4/2023 a 3/5/2023). Parecer favor\u00e1vel. Aprovado o parecer favor\u00e1vel, pela totalidade dos presentes, na reuni\u00e3o ordin\u00e1ria do dia 26/4/2023.\r\nNo PLEN\u00c1RIO: Na reuni\u00e3o ordin\u00e1ria do dia 15/05/2023, foi aprovado o parecer favor\u00e1vel da 2\u00aa Comiss\u00e3o. Projeto encaminhado \u00e0 9\u00aa Comiss\u00e3o para an\u00e1lise e emiss\u00e3o de parecer.\r\n9\u00aa COMCPH - RELATOR: Vereador William Alem\u00e3o ( 22.05.2023-29.05.2023). Rejeitado o parecer contr\u00e1rio do relator pela maioria dos presentes. Aprovado o parecer favor\u00e1vel da comiss\u00e3o, com voto contr\u00e1rio do vereador William Alem\u00e3o, na reuni\u00e3o extraordin\u00e1ria do dia 14 de agosto de 2023.\r\nNo PLEN\u00c1RIO: Na reuni\u00e3o ordin\u00e1ria do dia 13/09/2023, foi aprovado o parecer favor\u00e1vel da 9\u00aa Comiss\u00e3o. Projeto aprovado em 1a. discuss\u00e3o. Aguardando 2a. discuss\u00e3o na forma da lei.\r\nNo PLEN\u00c1RIO: Na reuni\u00e3o ordin\u00e1ria do dia 18/09/2023, o projeto foi APROVADO em 2\u00aa. discuss\u00e3o. Segue \u00e0 SAN\u00c7\u00c3O do senhor Prefeito.","resultado":"","texto_original":"http://sapl.cmm.am.gov.br/media/sapl/public/materialegislativa/2023/49905/pl_004_2023_mitoso_sistema_viario_bola_do_produtor_rev.pdf","data_ultima_atualizacao":"2024-11-06T13:08:45.886610-04:00","ip":"172.17.0.1","ultima_edicao":"2023-09-18T16:42:46.382321-04:00","tipo":4,"regime_tramitacao":1,"tipo_origem_externa":4,"local_origem_externa":null,"user":13,"anexadas":[],"autores":[2,5,147,138,139,4,19,10,142,27,146,135,49,41,50]}