{"id":49900,"__str__":"Veto n\u00ba 2 de 2023","metadata":{},"numero":2,"ano":2023,"numero_protocolo":null,"data_apresentacao":"2023-02-06","tipo_apresentacao":"","data_publicacao":null,"numero_origem_externa":"Mens. 104","ano_origem_externa":2022,"data_origem_externa":"2022-12-16","apelido":"","dias_prazo":null,"data_fim_prazo":null,"em_tramitacao":false,"polemica":false,"objeto":"","complementar":false,"ementa":"Veto Parcial n. 2/2023 ao Projeto de Lei n. 098/2021 de autoria do Vereador M\u00e1rcio Tavares que \"Disp\u00f5e sobre a\u00e7\u00f5es de controle e preven\u00e7\u00e3o da tuberculose no munic\u00edpio de Manaus\".\r\nMensagem n. 104/2022.","indexacao":"controle\r\npreven\u00e7\u00e3o\r\ntuberculose","observacao":"Lido em PLEN\u00c1RIO: 08/02/2023.\r\nEm 08/02/2023: Segue \u00e0 2\u00aa Comiss\u00e3o de Constitui\u00e7\u00e3o, Justi\u00e7a e Reda\u00e7\u00e3o para an\u00e1lise e emiss\u00e3o de parecer.\r\nProcuradoria: (08/02/2023 - 15/02/2023). Parecer favor\u00e1vel.\r\n2\u00aaCCJR-Relator: Ver. Gilmar Nascimento (27/02/2023 - 08/03/2023). Parecer Favor\u00e1vel. Aprovado o parecer favor\u00e1vel, pela totalidade dos presentes, na reuni\u00e3o ordin\u00e1ria do dia 01/03/2023.\r\nNo PLEN\u00c1RIO: Na reuni\u00e3o ordin\u00e1ria do dia 06/03/2023, o Veto Parcial foi MANTIDO.","resultado":"","texto_original":"http://sapl.cmm.am.gov.br/media/sapl/public/materialegislativa/2023/49900/vp_2_2023_-_pl_98_2021_-_mtavares.pdf","data_ultima_atualizacao":"2023-06-20T10:02:33.423232-04:00","ip":"172.17.0.1","ultima_edicao":"2023-03-06T15:07:25.197760-04:00","tipo":8,"regime_tramitacao":1,"tipo_origem_externa":8,"local_origem_externa":1,"user":13,"anexadas":[4874],"autores":[106]}