{"id":49274,"__str__":"Projeto de Lei n\u00ba 453 de 2022","metadata":{},"numero":453,"ano":2022,"numero_protocolo":26988,"data_apresentacao":"2022-12-16","tipo_apresentacao":"","data_publicacao":null,"numero_origem_externa":"","ano_origem_externa":null,"data_origem_externa":null,"apelido":"","dias_prazo":null,"data_fim_prazo":null,"em_tramitacao":false,"polemica":null,"objeto":"","complementar":null,"ementa":"INSTITUI, no Calend\u00e1rio Oficial da Cidade de Manaus, o M\u00eas da Preven\u00e7\u00e3o do C\u00e2ncer de Intestino, a ser realizado em novembro, e d\u00e1 outras provid\u00eancias.","indexacao":"INSTITUI, no Calend\u00e1rio Oficial da Cidade de Manaus, o M\u00eas da Preven\u00e7\u00e3o do C\u00e2ncer de Intestino, a ser realizado em novembro, e d\u00e1 outras provid\u00eancias.","observacao":"DELIBERA\u00c7\u00c3O: 16/12/2022. \r\nEm 16/12/2022: Segue para an\u00e1lise e emiss\u00e3o de parecer da 2a. CCJR.\r\nProcuradoria: 26/12/2022-10/02/2023. - Parecer favor\u00e1vel.\r\n2\u00aa CCJR - Relator (a): Ver. \u00aa  Prof.\u00aa Jacqueline (27.02.2023 - 07.03.2023). Parecer favor\u00e1vel. Aprovado o parecer favor\u00e1vel, pela totalidade dos presentes, na reuni\u00e3o do dia 29/3/2023.\r\nNo PLEN\u00c1RIO: Na reuni\u00e3o ordin\u00e1ria do dia 21/06/2023, o projeto entrou em pauta para aprova\u00e7\u00e3o do parecer favor\u00e1vel da 2\u00aa Comiss\u00e3o, mas n\u00e3o foi apreciado devido \u00e0 aus\u00eancia do autor. Aguarda pr\u00f3xima inclus\u00e3o em pauta.\r\nNo PLEN\u00c1RIO: Na reuni\u00e3o ordin\u00e1ria do dia 26/06/2023, o projeto entrou em pauta para aprova\u00e7\u00e3o do parecer favor\u00e1vel da 2\u00aa Comiss\u00e3o, mas n\u00e3o foi apreciado devido \u00e0 aus\u00eancia do autor. Aguarda pr\u00f3xima inclus\u00e3o em pauta.\r\nNo PLEN\u00c1RIO: Na reuni\u00e3o ordin\u00e1ria do dia 18/10/2023, o projeto entrou em pauta para aprova\u00e7\u00e3o do parecer favor\u00e1vel da 2\u00aa Comiss\u00e3o, mas n\u00e3o foi apreciado devido \u00e0 aus\u00eancia do autor. Aguarda pr\u00f3xima inclus\u00e3o em pauta.\r\nNo PLEN\u00c1RIO: Na reuni\u00e3o ordin\u00e1ria do dia 25/10/2023, foi aprovado o parecer favor\u00e1vel da 2\u00aa Comiss\u00e3o. Projeto encaminhado \u00e0 3\u00aa Comiss\u00e3o para an\u00e1lise e emiss\u00e3o de parecer.\r\n3\u00aa CFEO- Relator: Marcel Alexandre (30/10/2023 a 08/11/2023).  Aprovado o parecer favor\u00e1vel, pela totalidade do presentes, na Reuni\u00e3o Extraordin\u00e1ria do dia 22/11/23.\r\nNo PLEN\u00c1RIO: Na reuni\u00e3o ordin\u00e1ria do dia 04/12/2023, foi aprovado o parecer favor\u00e1vel da 3\u00aa Comiss\u00e3o. Projeto encaminhado \u00e0 6\u00aa Comiss\u00e3o para an\u00e1lise e emiss\u00e3o de parecer.\r\n6\u00aa COMSAU: RELATOR: Ver. Kennedy Marques (05.12.2023-12.12.2023). Aprovado o parecer favor\u00e1vel pela totalidade dos presentes, na reuni\u00e3o extraordin\u00e1ria do dia 04 de mar\u00e7o de 2024.\r\nNo PLEN\u00c1RIO: Na reuni\u00e3o ordin\u00e1ria do dia 20/03/2024, foi aprovado o parecer favor\u00e1vel da 6\u00aa Comiss\u00f5es. Projeto aprovado em 1a. discuss\u00e3o. Aguardando 2a. discuss\u00e3o na forma da lei.\r\nNo PLEN\u00c1RIO: Na reuni\u00e3o ordin\u00e1ria do dia 25/03/2024, o projeto foi APROVADO em 2\u00aa. discuss\u00e3o. Segue \u00e0 SAN\u00c7\u00c3O do senhor Prefeito.","resultado":"","texto_original":"http://sapl.cmm.am.gov.br/media/sapl/public/materialegislativa/2022/49274/pl_453_2022_joelson_silva_cancer.pdf","data_ultima_atualizacao":"2024-05-28T12:11:43.014772-04:00","ip":"172.23.5.67","ultima_edicao":"2024-03-25T16:12:45.308598-04:00","tipo":4,"regime_tramitacao":1,"tipo_origem_externa":null,"local_origem_externa":null,"user":13,"anexadas":[],"autores":[136,13,139,4,19,17,23,143,145,27,49,149,47,155]}