{"id":46,"__str__":"Projeto de Lei n\u00ba 40 de 2020","metadata":{},"numero":40,"ano":2020,"numero_protocolo":null,"data_apresentacao":"2020-03-03","tipo_apresentacao":"E","data_publicacao":null,"numero_origem_externa":"","ano_origem_externa":null,"data_origem_externa":null,"apelido":"","dias_prazo":null,"data_fim_prazo":null,"em_tramitacao":false,"polemica":false,"objeto":"vis\u00e3o monocular","complementar":false,"ementa":"Reconhece a vis\u00e3o monocular como defici\u00eancia e d\u00e1 outras provid\u00eancias.","indexacao":"vis\u00e3o monocular\r\ndefici\u00eancia","observacao":"Procuradoria (31/08/2020-09/09/2020) Parecer contr\u00e1rio\r\n2\u00aa CCJR - RELATOR: VER. Marcel Alexandre (17/9/2020 -28/09/2020). Parecer contr\u00e1rio\r\nArquivado. Fim de Legislatura. Art. 151, RI","resultado":"","texto_original":"http://sapl.cmm.am.gov.br/media/sapl/public/materialegislativa/2020/46/pl_040_2020_dante.pdf","data_ultima_atualizacao":"2023-07-04T11:44:10.535894-04:00","ip":"191.30.222.230","ultima_edicao":"2021-01-19T14:08:10.297136-04:00","tipo":4,"regime_tramitacao":1,"tipo_origem_externa":null,"local_origem_externa":null,"user":15,"anexadas":[],"autores":[11]}