{"id":4560,"__str__":"Projeto de Lei n\u00ba 78 de 2021","metadata":{},"numero":78,"ano":2021,"numero_protocolo":1005,"data_apresentacao":"2021-03-18","tipo_apresentacao":"E","data_publicacao":null,"numero_origem_externa":"","ano_origem_externa":2021,"data_origem_externa":null,"apelido":"","dias_prazo":null,"data_fim_prazo":null,"em_tramitacao":false,"polemica":null,"objeto":"","complementar":null,"ementa":"PROJETO DE INCLUS\u00c3O NO CALEND\u00c1RIO OFICIAL DO MUNIC\u00cdPIO DE MANAUS, O DIA 30 DE MAR\u00c7O COMO O \u201cDIA MUNICIPAL EM HOMENAGEM \u00c0S V\u00cdTIMAS DA COVID-19\u201d.","indexacao":"PROJETO DE INCLUS\u00c3O NO CALEND\u00c1RIO OFICIAL DO MUNIC\u00cdPIO DE MANAUS, O DIA 30 DE MAR\u00c7O COMO O \u201cDIA MUNICIPAL EM HOMENAGEM \u00c0S V\u00cdTIMAS DA COVID-19\u201d.","observacao":"DELIBERA\u00c7\u00c3O: 29/03/2021.\r\nEm 29/03/2021: Segue para an\u00e1lise e emiss\u00e3o de parecer da 2a. CCJR.\r\nProcuradoria: 30/03/2021-08/04/2021. Parecer favor\u00e1vel. \r\n2\u00aa CCJR-RELATOR: Ver. Bessa (09/04/2021-19/04/2021). Parecer favor\u00e1vel. Na reuni\u00e3o virtual do dia 14/04/2021, foi aprovado o parecer favor\u00e1vel pela totalidade dos presentes.\r\nNo PLEN\u00c1RIO: Na reuni\u00e3o ordin\u00e1ria do dia 05/05/2021, foi aprovado o parecer favor\u00e1vel da 2\u00aa Comiss\u00e3o.\r\nProjeto aprovado em 1a. discuss\u00e3o. \r\nAguardando 2a. discuss\u00e3o na forma da lei.\r\nNo PLEN\u00c1RIO: Na reuni\u00e3o ordin\u00e1ria do dia 10/05/2021, o projeto foi aprovado em 2\u00aa discuss\u00e3o. Segue \u00e0 san\u00e7\u00e3o do senhor Prefeito.","resultado":"","texto_original":"http://sapl.cmm.am.gov.br/media/sapl/public/materialegislativa/2021/4560/pl_078_2021_rosinaldo_bual_dia_municipal_em_homenagem_as_vitimas_da_covid-19_1.pdf","data_ultima_atualizacao":"2024-06-14T09:26:58.843968-04:00","ip":"172.23.5.10","ultima_edicao":"2021-05-10T10:40:13.798586-04:00","tipo":4,"regime_tramitacao":1,"tipo_origem_externa":4,"local_origem_externa":null,"user":13,"anexadas":[],"autores":[45]}