{"id":45,"__str__":"Projeto de Lei n\u00ba 39 de 2020","metadata":{},"numero":39,"ano":2020,"numero_protocolo":null,"data_apresentacao":"2020-03-03","tipo_apresentacao":"E","data_publicacao":null,"numero_origem_externa":"","ano_origem_externa":null,"data_origem_externa":null,"apelido":"","dias_prazo":null,"data_fim_prazo":null,"em_tramitacao":false,"polemica":false,"objeto":"atendimento preferencial","complementar":false,"ementa":"\"DISP\u00d5E sobre o atendimento preferencial \u00e0s pessoas com fibromialgia, nos locais que especifica e d\u00e1 outras previd\u00eancias\".","indexacao":"atendimento preferencial\r\nfibromialgia","observacao":"Delibera\u00e7\u00e3o: 17.03.2020\r\nNa PROCURADORIA: Parecer favor\u00e1vel\r\nNa 2\u00aa CCJR:  RELATOR: Ver. Marcel Alexandre (31/08/2020-14/08/2020).  Na reuni\u00e3o virtual do dia 02.09.2020 foi aprovado o parecer Favor\u00e1vel pela totalidade dos presentes.\r\nNo PLEN\u00c1RIO:  Na reuni\u00e3o ordin\u00e1ria do dia 14.09.2020 o plen\u00e1rio acatou o parecer da comiss\u00e3o e encaminhou para analise da 3\u00aa Comiss\u00e3o de Finan\u00e7as, Economia e Or\u00e7amento.\r\nNa 3\u00aa CFEO - RELATOR: Ver. Elias Emanuel (29/09/2020-07/10/2020). Parecer favor\u00e1vel aprovado pela totalidade dos presentes, na reuni\u00e3o do dia 25/10/2020.","resultado":"","texto_original":"http://sapl.cmm.am.gov.br/media/sapl/public/materialegislativa/2020/45/pl_039_2020_hiram_nicolau_-numerado.pdf","data_ultima_atualizacao":"2023-06-27T09:48:36.238515-04:00","ip":"179.222.33.111","ultima_edicao":"2020-11-29T14:39:08.127086-04:00","tipo":4,"regime_tramitacao":1,"tipo_origem_externa":null,"local_origem_externa":null,"user":31,"anexadas":[],"autores":[25]}