{"id":443,"__str__":"Projeto de Lei n\u00ba 23 de 2020","metadata":{},"numero":23,"ano":2020,"numero_protocolo":null,"data_apresentacao":"2020-03-10","tipo_apresentacao":"E","data_publicacao":null,"numero_origem_externa":"","ano_origem_externa":null,"data_origem_externa":null,"apelido":"","dias_prazo":null,"data_fim_prazo":null,"em_tramitacao":false,"polemica":false,"objeto":"Pessoas com defici\u00eancia","complementar":false,"ementa":"ASSEGURA \u00e0s pessoas com defici\u00eancia o atendimento, bem como, a devida acessibilidade em centros de sa\u00fade, no \u00e2mbito do munic\u00edpio de Manaus.","indexacao":"Pessoas\r\nDefici\u00eancia\r\nAcessibilidade\r\nCentros de Sa\u00fade","observacao":"Procuradoria: parecer favor\u00e1vel\r\n2\u00aa CCJR - Relator: Ver. Fred Mota (22/07/2020 - 03/08/2020). Parecer favor\u00e1vel. Aprovado o parecer favor\u00e1vel pela totalidade dos presentes na reuni\u00e3o virtual do dia 27/10/2020.\r\nArquivado. Fim de Legislatura. Art. 151. RI.","resultado":"","texto_original":"http://sapl.cmm.am.gov.br/media/sapl/public/materialegislativa/2020/443/pl_023_2020_ver._diego_afonso..pdf","data_ultima_atualizacao":"2023-07-04T11:44:10.506427-04:00","ip":"201.75.19.38","ultima_edicao":"2021-01-19T14:13:24.969839-04:00","tipo":4,"regime_tramitacao":1,"tipo_origem_externa":null,"local_origem_externa":null,"user":101,"anexadas":[],"autores":[13]}