{"id":4283,"__str__":"Projeto de Lei n\u00ba 66 de 2021","metadata":{},"numero":66,"ano":2021,"numero_protocolo":731,"data_apresentacao":"2021-03-10","tipo_apresentacao":"E","data_publicacao":null,"numero_origem_externa":"","ano_origem_externa":2021,"data_origem_externa":null,"apelido":"","dias_prazo":null,"data_fim_prazo":null,"em_tramitacao":false,"polemica":null,"objeto":"","complementar":null,"ementa":"DISP\u00d5E sobre a prioridade dos trabalhadores da educa\u00e7\u00e3o, em campanhas de imuniza\u00e7\u00e3o no \u00e2mbito da cidade de Manaus e d\u00e1 outras provid\u00eancias.","indexacao":"DISP\u00d5E sobre a prioridade dos trabalhadores da educa\u00e7\u00e3o, em campanhas de imuniza\u00e7\u00e3o no \u00e2mbito da cidade de Manaus e d\u00e1 outras provid\u00eancias.","observacao":"DELIBERA\u00c7\u00c3O: 24/03/2021.\r\nEm 24/03/2021: Segue para an\u00e1lise e emiss\u00e3o de parecer da 2a. CCJR.\r\nProcuradoria: 26/03/2021- 06/03/2021. Parecer favor\u00e1vel.\r\n2\u00aa CCJR-RELATOR: Ver. Eduardo Assis (05/04/2021-13/04/2021). Parecer favor\u00e1vel. Na reuni\u00e3o do dia 12/05/2021, foi concedido vistas \u00e0 ver. Thaysa (12/05/2021-19/05/2021). Na reuni\u00e3o do dia 23/06/2021, foi concedido vistas ao vereador Marcel Alexandre (23/06/2021-30/06/2021). Rejeitado o parecer favor\u00e1vel do relator e aprovado o parecer contr\u00e1rio da Comiss\u00e3o, por maioria dos presentes, com voto contr\u00e1rio da Ver.\u00aa Thaysa Lippy.\r\nDIAP: Para conhecimento dos vereadores, conforme par\u00e1grafo 1\u00ba do art. 38, do Regimento Interno.\r\nNo PLEN\u00c1RIO: Na reuni\u00e3o ordin\u00e1ria do dia 30/11/2022, foi feita a leitura do despacho do Presidente da C\u00e2mara determinando o arquivamento da mat\u00e9ria, conforme par\u00e1grafo 1\u00ba do art. 38, do Regimento Interno, por ter recebido parecer CONTR\u00c1RIO da 2a. Comiss\u00e3o. Aberto o prazo regimental de 5 dias \u00fateis para recurso. Prazo: 30/11/2022 a 08/12/2022.\r\nEm 09/12/2022: Decorrido o prazo do parag. 1\u00ba do art. 38 do Regimento Interno. \r\nProposi\u00e7\u00e3o ARQUIVADA.","resultado":"","texto_original":"http://sapl.cmm.am.gov.br/media/sapl/public/materialegislativa/2021/4283/pl_066_2021_wallace_oliveira_prioridade_dos_profissionais_de_imprensa_e_educacao_nas_campanhas_de_imunizacao_ver_wallace_oliveira.pdf","data_ultima_atualizacao":"2023-06-23T11:23:42.928225-04:00","ip":"172.17.0.1","ultima_edicao":"2023-01-05T15:23:14.574201-04:00","tipo":4,"regime_tramitacao":1,"tipo_origem_externa":4,"local_origem_externa":null,"user":13,"anexadas":[],"autores":[50]}