{"id":3861,"__str__":"Projeto de Lei n\u00ba 28 de 2021","metadata":{},"numero":28,"ano":2021,"numero_protocolo":312,"data_apresentacao":"2021-02-22","tipo_apresentacao":"E","data_publicacao":null,"numero_origem_externa":"","ano_origem_externa":2021,"data_origem_externa":null,"apelido":"","dias_prazo":null,"data_fim_prazo":null,"em_tramitacao":false,"polemica":null,"objeto":"","complementar":null,"ementa":"Institui o Institui o Dia do Designer de Interiores, Ambientes e Gr\u00e1ficos d\u00e1 outras provid\u00eancias.","indexacao":"Institui o Institui o Dia do Designer de Interiores, Ambientes e Gr\u00e1ficos d\u00e1 outras provid\u00eancias.","observacao":"DELIBERA\u00c7\u00c3O: 17/03/2021.\r\nEm 18/03/2021: Segue para an\u00e1lise e emiss\u00e3o de parecer da 2a. CCJR.\r\nProcuradoria: (19/03/2021-26/03/2021). Parecer favor\u00e1vel\r\n2\u00aa CCJR-RELATOR: Ver. Joelson (23/03/2021-30/03/2021). Aprovado o parecer favor\u00e1vel, pela totalidades dos presentes, na reuni\u00e3o presencial do dia 23/08/2021\r\nNo PLEN\u00c1RIO: Na reuni\u00e3o ordin\u00e1ria do dia 30/11/2021, foi aprovado o parecer favor\u00e1vel da 2\u00aa Comiss\u00e3o. Projeto aprovado em 1a. discuss\u00e3o. \r\nAguardando 2a. discuss\u00e3o na forma da lei.","resultado":"","texto_original":"http://sapl.cmm.am.gov.br/media/sapl/public/materialegislativa/2021/3861/pl_028_2021_prof._samuel_dia_do_designer-f.pdf","data_ultima_atualizacao":"2024-06-17T13:06:41.594617-04:00","ip":"177.149.120.227","ultima_edicao":"2021-11-30T23:37:27.050207-04:00","tipo":4,"regime_tramitacao":1,"tipo_origem_externa":4,"local_origem_externa":null,"user":13,"anexadas":[],"autores":[49]}