{"id":3765,"__str__":"Projeto de Resolu\u00e7\u00e3o n\u00ba 4 de 2021","metadata":{},"numero":4,"ano":2021,"numero_protocolo":216,"data_apresentacao":"2021-02-16","tipo_apresentacao":"E","data_publicacao":null,"numero_origem_externa":"","ano_origem_externa":2021,"data_origem_externa":null,"apelido":"","dias_prazo":null,"data_fim_prazo":null,"em_tramitacao":false,"polemica":null,"objeto":"","complementar":null,"ementa":"DISP\u00d5E sobre a cria\u00e7\u00e3o, no \u00e2mbito da C\u00e2mara Municipal de Manaus, da Frente Parlamentar Mista de Enfrentamento e Defesa dos Direitos da Pessoa com IST/HIV/AIDS e Tuberculose e d\u00e1 outras provid\u00eancias.","indexacao":"DISP\u00d5E sobre a cria\u00e7\u00e3o, no \u00e2mbito da C\u00e2mara Municipal de Manaus, da Frente Parlamentar Mista de Enfrentamento e Defesa dos Direitos da Pessoa com IST/HIV/AIDS e Tuberculose e d\u00e1 outras provid\u00eancias.","observacao":"DELIBERA\u00c7\u00c3O: 08/03/2021.\r\nEm 08/03/2021: Segue para an\u00e1lise e emiss\u00e3o de parecer da 2a. CCJR.\r\nProcuradoria: 10/03/2021-17/09/2021. Parecer favor\u00e1vel.\r\n2\u00aa CCJR-RELATOR: Ver. Caio Andr\u00e9 (19/03/2021- 29/03/2021). Parecer favor\u00e1vel. Aprovado o parecer favor\u00e1vel pela totalidade dos presentes, na reuni\u00e3o virtual do dia 07/04/2021.\r\nNO PLEN\u00c1RIO: Na reuni\u00e3o ordin\u00e1ria do dia 03/05/2021, foi aprovado o parecer favor\u00e1vel da 2\u00aa CCJR. Projeto aprovado em Discuss\u00e3o \u00danica e Promulgado.","resultado":"","texto_original":"http://sapl.cmm.am.gov.br/media/sapl/public/materialegislativa/2021/3765/pr_004_2021_profa._jacqueline_frente_parlamentar_mista_hiv.pdf","data_ultima_atualizacao":"2023-07-10T13:04:10.873840-04:00","ip":"179.251.141.124","ultima_edicao":"2021-05-03T19:33:24.335401-04:00","tipo":5,"regime_tramitacao":1,"tipo_origem_externa":5,"local_origem_externa":null,"user":13,"anexadas":[],"autores":[31]}