{"id":37129,"__str__":"Consultar Requerimentos dos anos anteriores a 2023 n\u00ba 13802 de 2022","metadata":{},"numero":13802,"ano":2022,"numero_protocolo":14874,"data_apresentacao":"2022-09-01","tipo_apresentacao":"","data_publicacao":null,"numero_origem_externa":"","ano_origem_externa":null,"data_origem_externa":null,"apelido":"","dias_prazo":null,"data_fim_prazo":null,"em_tramitacao":true,"polemica":null,"objeto":"","complementar":null,"ementa":"Requer ao Ilustr\u00edssimo Senhor Secret\u00e1rio Municipal de Agricultura, Abastecimento, Centro e Com\u00e9rcio Informal (SEMACC), informa\u00e7\u00f5es sobre a reforma da Feira da Panair, no prazo de 20 (vinte) dias, com fulcro no art. 168 do Regimento Interno desta Augusta Casa Legislativa.","indexacao":"","observacao":"","resultado":"","texto_original":"http://sapl.cmm.am.gov.br/media/sapl/public/materialegislativa/2022/37129/requerimento_de_informacao-__feira_da_panair.pdf","data_ultima_atualizacao":"2022-09-01T10:47:55.674062-04:00","ip":"","ultima_edicao":null,"tipo":2,"regime_tramitacao":1,"tipo_origem_externa":null,"local_origem_externa":null,"user":null,"anexadas":[],"autores":[152]}