{"id":36721,"__str__":"Consultar Mo\u00e7\u00f5es dos anos anteriores a 2023 n\u00ba 258 de 2022","metadata":{},"numero":258,"ano":2022,"numero_protocolo":14466,"data_apresentacao":"2022-08-30","tipo_apresentacao":"","data_publicacao":null,"numero_origem_externa":"","ano_origem_externa":null,"data_origem_externa":null,"apelido":"","dias_prazo":null,"data_fim_prazo":null,"em_tramitacao":true,"polemica":null,"objeto":"","complementar":null,"ementa":"REQUER seja encaminhada MO\u00c7\u00c3O DE REP\u00daDIO em raz\u00e3o do constrangimento sofrido pela advogada e Pessoa com Defici\u00eancia, Sra. Nancy Segadilha em atendimento pela companhia a\u00e9rea LATAM, sofrido no dia 18 de agosto de 2022, no Aeroporto Internacional de Manaus Eduardo Gomes.","indexacao":"","observacao":"","resultado":"","texto_original":"http://sapl.cmm.am.gov.br/media/sapl/public/materialegislativa/2022/36721/mocao_gvrg_-_cmm_2022_-_repudio_latam_nancy_segadilha.pdf","data_ultima_atualizacao":"2022-08-31T20:21:46.834264-04:00","ip":"","ultima_edicao":null,"tipo":1,"regime_tramitacao":1,"tipo_origem_externa":null,"local_origem_externa":null,"user":null,"anexadas":[],"autores":[150]}