{"id":3588,"__str__":"Projeto de Lei n\u00ba 11 de 2021","metadata":{},"numero":11,"ano":2021,"numero_protocolo":39,"data_apresentacao":"2021-02-09","tipo_apresentacao":"E","data_publicacao":null,"numero_origem_externa":"","ano_origem_externa":2021,"data_origem_externa":null,"apelido":"","dias_prazo":null,"data_fim_prazo":null,"em_tramitacao":false,"polemica":null,"objeto":"","complementar":null,"ementa":"Institui a Semana Municipal da Preven\u00e7\u00e3o de Acidentes com Crian\u00e7as.","indexacao":"Institui a Semana Municipal da Preven\u00e7\u00e3o de Acidentes com Crian\u00e7as.","observacao":"DELIBERA\u00c7\u00c3O: 03/03/2021.\r\nEm 03/03/2021: Segue para an\u00e1lise e emiss\u00e3o de parecer da 2a. CCJR.\r\nPROCURADORIA: 03/03/2021-11/03/2021 - Parecer favor\u00e1vel\r\n2\u00aa CCJR-Relator: Ver.\u00aa Thaysa (10/03/2021-22/03/2021). Parecer favor\u00e1vel. Aprovado o parecer pela totalidade dos presente, na reuni\u00e3o virtual do dia 24/03/2021.\r\nNo PLEN\u00c1RIO: Na reuni\u00e3o ordin\u00e1ria do dia 05/04/2021, foi aprovado o parecer favor\u00e1vel da 2\u00aa Comiss\u00e3o. Projeto encaminhado \u00e0 3\u00aa CFEO.\r\n3\u00aa CFEO - RELATOR: Ver. Bessa (05/04/2021-10/04/2021). Parecer FAVOR\u00c1VEL aprovado por TOTALIDADE dos presentes na Reuni\u00e3o Ordin\u00e1ria Presencial do dia 14/04/2021.\r\nNo PLEN\u00c1RIO: Na reuni\u00e3o ordin\u00e1ria do dia 31/05/2021, foi aprovado o parecer favor\u00e1vel da 3\u00aa Comiss\u00e3o. Projeto encaminhado \u00e0 20a. Comiss\u00e3o.\r\n20\u00aa COMDCAI: Relator Ver. Thaysa Lippy (16/06/2021 a 28/06/2021).Aprovado o parecer favor\u00e1vel por totalidade dos presentes, na reuni\u00e3o presencial do dia 12.07.21\r\nNo PLEN\u00c1RIO: Na reuni\u00e3o ordin\u00e1ria do dia 13/07/2021, foi aprovado o parecer da 20a. Comiss\u00e3o. O projeto aprovado em 1\u00aa. discuss\u00e3o. Aguardando 2a. discuss\u00e3o na forma da lei.\r\nNo PLEN\u00c1RIO: Na reuni\u00e3o ordin\u00e1ria do dia 14/07/2021, o projeto foi APROVADO em 2\u00aa. discuss\u00e3o. Segue \u00e0 san\u00e7\u00e3o do senhor Prefeito.","resultado":"","texto_original":"http://sapl.cmm.am.gov.br/media/sapl/public/materialegislativa/2021/3588/pl_011_2021_gloria_carratte_que_institui_a_semana_de_prevencao_de_acidentes_com_criancas_1.pdf","data_ultima_atualizacao":"2024-06-14T11:01:54.812093-04:00","ip":"172.18.1.1","ultima_edicao":"2021-07-14T09:09:16.055832-04:00","tipo":4,"regime_tramitacao":1,"tipo_origem_externa":4,"local_origem_externa":null,"user":13,"anexadas":[],"autores":[17]}