{"id":3545,"__str__":"Projeto de Lei n\u00ba 231 de 2018","metadata":{},"numero":231,"ano":2018,"numero_protocolo":null,"data_apresentacao":"2018-08-22","tipo_apresentacao":"","data_publicacao":null,"numero_origem_externa":"","ano_origem_externa":null,"data_origem_externa":null,"apelido":"","dias_prazo":null,"data_fim_prazo":null,"em_tramitacao":false,"polemica":null,"objeto":"","complementar":null,"ementa":"INSTITUI a segunda semana do m\u00eas de abril como a Semana Municipal da Valoriza\u00e7\u00e3o da B\u00edblia no munic\u00edpio de Manaus e d\u00e1 outras provid\u00eancias.","indexacao":"","observacao":"Delibera\u00e7\u00e3o: 22.08.2018\r\nNA PROCURADORIA: (31.08.2018) A Procuradoria exarou parecer favor\u00e1vel \u00e0 mat\u00e9ria.\r\nNA 2\u00aa CCJR - Relator: Ver. Fred Mota (24.09.2018) - Na reuni\u00e3o do dia 27.03.2019 foi aprovado o parecer favor\u00e1vel pela totalidade dos presentes.\r\nNO PLEN\u00c1RIO: Na reuni\u00e3o do dia 02.04.2019 o Plen\u00e1rio acatou o parecer da 2\u00aa Comiss\u00e3o e encaminhou a mat\u00e9ria para an\u00e1lise da 3\u00aa Comiss\u00e3o.\r\nNa 3\u00aa CFEO - RELATOR: Ver. Dr. Ewerton Assis (03.04.2019) - Na reuni\u00e3o do dia 17.04.2018 foi aprovado o parecer favor\u00e1vel pela totalidade dos presentes.\r\nNO PLEN\u00c1RIO: Na reuni\u00e3o ordin\u00e1ria do dia 06.05.2019 o Plen\u00e1rio acatou o parecer da 3\u00aa Comiss\u00e3o e em seguida aprovou \u00e0 mat\u00e9ria em 1\u00aa discuss\u00e3o . Na reuni\u00e3o ordin\u00e1ria do dia 07.05.2019 foi aprovado a mat\u00e9ria em 2\u00aa discuss\u00e3o. Encaminhado san\u00e7\u00e3o ao Senhor Prefeito.\r\nFoi \u00e0 san\u00e7\u00e3o (OF.N\u00ba 036/2019 - DICEL/DL/CMM).\r\nAPROVADO\r\nLei n\u00ba 2445 de 29 de Maio de 2019 - DOM 29.05.2019 (Ano XX, Edi\u00e7\u00e3o 4607).","resultado":"","texto_original":"http://sapl.cmm.am.gov.br/media/sapl/public/materialegislativa/2018/3545/pl-231-2018-prof-samuel-lei-2445-2019-dom-4607-29-05-2019.pdf","data_ultima_atualizacao":"2024-06-25T10:05:49.041020-04:00","ip":"172.23.0.179","ultima_edicao":"2020-12-28T11:24:01.116028-04:00","tipo":4,"regime_tramitacao":1,"tipo_origem_externa":null,"local_origem_externa":null,"user":36,"anexadas":[],"autores":[49]}