{"id":3514,"__str__":"Projeto de Lei n\u00ba 351 de 2019","metadata":{},"numero":351,"ano":2019,"numero_protocolo":null,"data_apresentacao":"2019-11-05","tipo_apresentacao":"","data_publicacao":null,"numero_origem_externa":"","ano_origem_externa":null,"data_origem_externa":null,"apelido":"","dias_prazo":null,"data_fim_prazo":null,"em_tramitacao":false,"polemica":null,"objeto":"","complementar":null,"ementa":"DESAFETA o bem de uso comum que especifica e d\u00e1 outras provid\u00eancias.","indexacao":"","observacao":"Delibera\u00e7\u00e3o: 05.11.2019\r\nNA PROCURADORIA: (06.11.2019) A Procuradoria exarou parecer favor\u00e1vel \u00e0 mat\u00e9ria.\r\nNA 2\u00aa CCJR - Relator: Ver. Fred Mota (11.11.2019) - Na reuni\u00e3o do dia 11.11.2019 foi aprovado o parecer favor\u00e1vel pela totalidade dos presentes.\r\nNO PLEN\u00c1RIO: Na reuni\u00e3o ordin\u00e1ria do dia 11.11.2019 o Plen\u00e1rio acatou o parecer da 2\u00aa Comiss\u00e3o e em seguida aprovou \u00e0 mat\u00e9ria em 1\u00aa discuss\u00e3o . Na reuni\u00e3o ordin\u00e1ria do dia 13.11.2019 foi aprovado a mat\u00e9ria em 2\u00aa discuss\u00e3o. Encaminhado san\u00e7\u00e3o ao Senhor Prefeito.\r\nFoi \u00e0 san\u00e7\u00e3o (OF.N\u00ba 148/2019 - DICEL/DL/CMM).\r\nAPROVADO\r\nLei n\u00ba 2541 de 29 de Novembro de 2019 - DOM 29.11.2019 (Ano XX, Edi\u00e7\u00e3o 4730).","resultado":"","texto_original":"http://sapl.cmm.am.gov.br/media/sapl/public/materialegislativa/2019/3514/pl-351-2019-executivo-municipal-lei-2541-2019-dom-4730-29-11-2019.pdf","data_ultima_atualizacao":"2024-06-27T09:25:53.352646-04:00","ip":"172.23.0.179","ultima_edicao":"2020-12-22T07:52:32.086902-04:00","tipo":4,"regime_tramitacao":1,"tipo_origem_externa":null,"local_origem_externa":null,"user":36,"anexadas":[],"autores":[106]}