{"id":3499,"__str__":"Projeto de Lei n\u00ba 289 de 2019","metadata":{},"numero":289,"ano":2019,"numero_protocolo":null,"data_apresentacao":"2019-09-10","tipo_apresentacao":"","data_publicacao":null,"numero_origem_externa":"","ano_origem_externa":null,"data_origem_externa":null,"apelido":"","dias_prazo":null,"data_fim_prazo":null,"em_tramitacao":false,"polemica":null,"objeto":"","complementar":null,"ementa":"INCLUI, na estrutura b\u00e1sica da Educa\u00e7\u00e3o do Munic\u00edpio, a Creche Municipal Prof.\u00aa Maria do Socorro Lima da Silva.","indexacao":"","observacao":"Delibera\u00e7\u00e3o: 10.09.2019\r\nNA PROCURADORIA: (12.09.2019) A Procuradoria exarou parecer favor\u00e1vel \u00e0 mat\u00e9ria.\r\nNA 2\u00aa CCJR - Relator: Ver. Prof.\u00aa Jacqueline (18.09.2019) - Na reuni\u00e3o do dia 25.09.2019 foi aprovado o parecer favor\u00e1vel pela totalidade dos presentes.\r\nNO PLEN\u00c1RIO: Na reuni\u00e3o ordin\u00e1ria do dia 08.10.2019 o Plen\u00e1rio acatou o parecer da 2\u00aa Comiss\u00e3o e em seguida aprovou \u00e0 mat\u00e9ria em 1\u00aa discuss\u00e3o . Na reuni\u00e3o ordin\u00e1ria do dia 14.10.2019 foi aprovado a mat\u00e9ria em 2\u00aa discuss\u00e3o. Encaminhado san\u00e7\u00e3o ao Senhor Prefeito.\r\nFoi \u00e0 san\u00e7\u00e3o (OF.N\u00ba 135/2019 - DICEL/DL/CMM).\r\nAPROVADO\r\nLei n\u00ba 2529 de 04 de Novembro de 2019 - DOM 04.11.2019 (Ano XX, Edi\u00e7\u00e3o 4713).","resultado":"","texto_original":"http://sapl.cmm.am.gov.br/media/sapl/public/materialegislativa/2019/3499/pl-289-2019-executivo-municipal-lei-2529-2019-dom-4713-04-11-2019.pdf","data_ultima_atualizacao":"2024-06-27T08:24:02.415986-04:00","ip":"172.23.0.179","ultima_edicao":"2020-12-21T09:47:46.486322-04:00","tipo":4,"regime_tramitacao":1,"tipo_origem_externa":null,"local_origem_externa":null,"user":36,"anexadas":[],"autores":[106]}