{"id":3391,"__str__":"Projeto de Lei n\u00ba 260 de 2019","metadata":{},"numero":260,"ano":2019,"numero_protocolo":null,"data_apresentacao":"2019-08-07","tipo_apresentacao":"","data_publicacao":null,"numero_origem_externa":"","ano_origem_externa":null,"data_origem_externa":null,"apelido":"","dias_prazo":null,"data_fim_prazo":null,"em_tramitacao":false,"polemica":null,"objeto":"","complementar":null,"ementa":"INCLUI, na estrutura b\u00e1sica da Educa\u00e7\u00e3o do Munic\u00edpio, a Creche Municipal Prof.\u00aa Marly Teixeira de Ara\u00fajo.","indexacao":"","observacao":"Delibera\u00e7\u00e3o: 07.08.2019\r\nNA PROCURADORIA: (12.08.2019) A Procuradoria exarou parecer favor\u00e1vel \u00e0 mat\u00e9ria.\r\nNA 2\u00aa CCJR - Relator: Ver. Marcel Alexandre (13.08.2019) - Na reuni\u00e3o do dia 21.08.2019 foi aprovado o parecer favor\u00e1vel pela totalidade dos presentes.\r\nNO PLEN\u00c1RIO: Na reuni\u00e3o do dia 09.09.2019 o Plen\u00e1rio acatou o parecer da 2\u00aa Comiss\u00e3o e encaminhou a mat\u00e9ria para an\u00e1lise da 4\u00aa Comiss\u00e3o.\r\nNA 4\u00aa COMED - Relator: Ver. Prof.\u00aa Jacqueline (16.09.2019) - Na reuni\u00e3o do dia 16.09.2019 foi aprovado o parecer favor\u00e1vel pela totalidade dos presentes.\r\nNo PLEN\u00c1RIO: Na reuni\u00e3o Ordin\u00e1ria do dia 18.09.2019 o plen\u00e1rio acatou o parecer da 4\u00ba Comiss\u00e3o e em seguida aprovou a mat\u00e9ria em 1\u00aa discuss\u00e3o. Na reuni\u00e3o ordin\u00e1ria do dia 23.09.2019 o Projeto foi aprovado em 2\u00aa discuss\u00e3o e encaminhado \u00e0 san\u00e7\u00e3o do Senhor Prefeito.\r\nFoi \u00e0 san\u00e7\u00e3o (OF.N\u00ba 126/2019 - DICEL/DL/CMM).\r\nAPROVADO\r\nLei n\u00ba 2517 de 04 de Outubro de 2019 - DOM 04.10.2019 (Ano XX, Edi\u00e7\u00e3o 4695).","resultado":"","texto_original":"http://sapl.cmm.am.gov.br/media/sapl/public/materialegislativa/2019/3391/pl-260-2019-executivo-municipal-lei-2517-2019-dom-4695-04-10-2019.pdf","data_ultima_atualizacao":"2024-06-26T13:45:10.301318-04:00","ip":"172.23.0.179","ultima_edicao":"2020-12-09T05:52:43.148931-04:00","tipo":4,"regime_tramitacao":1,"tipo_origem_externa":null,"local_origem_externa":null,"user":36,"anexadas":[],"autores":[106]}