{"id":3380,"__str__":"Projeto de Lei n\u00ba 331 de 2017","metadata":{},"numero":331,"ano":2017,"numero_protocolo":null,"data_apresentacao":"2017-12-11","tipo_apresentacao":"","data_publicacao":null,"numero_origem_externa":"","ano_origem_externa":null,"data_origem_externa":null,"apelido":"","dias_prazo":null,"data_fim_prazo":null,"em_tramitacao":false,"polemica":null,"objeto":"","complementar":null,"ementa":"DISP\u00d5E sobre a instala\u00e7\u00e3o de sistema sensor e v\u00e1lvulas de bloqueio de g\u00e1s no munic\u00edpio de Manaus e d\u00e1 outras provid\u00eancias.","indexacao":"","observacao":"Delibera\u00e7\u00e3o: 11.12.2017\r\nNA PROCURADORIA: (15.02.2017) A Procuradoria exarou parecer favor\u00e1vel \u00e0 mat\u00e9ria.\r\nNA 2\u00aa CCJR - Relator: Ver. Wallace Oliveira (05.03.2018) - Na reuni\u00e3o do dia 18.02.2019 foi aprovado o parecer favor\u00e1vel pela totalidade dos presentes.\r\nNO PLEN\u00c1RIO: Na reuni\u00e3o do dia 27.02.2019 o Plen\u00e1rio acatou o parecer da 2\u00aa Comiss\u00e3o e encaminhou a mat\u00e9ria para an\u00e1lise da 03\u00aa Comiss\u00e3o.\r\nNA 3\u00aa CFEO - Relator: Ver. Marcel Alexandre (11.03.2019) - Na reuni\u00e3o do dia 27.03.2019 foi aprovado o parecer favor\u00e1vel pela totalidade dos presentes.\r\nNO PLEN\u00c1RIO: Na reuni\u00e3o do dia 15.04.2019 o Plen\u00e1rio acatou o parecer da 3\u00aa Comiss\u00e3o e encaminhou a mat\u00e9ria para an\u00e1lise da 7\u00aa Comiss\u00e3o.\r\nNA 7\u00aa COMSOP - Relator: Ver. Gilvandro Mota (21.05.2019) - Na reuni\u00e3o do dia 12.06.2019 foi aprovado o parecer favor\u00e1vel pela totalidade dos presentes.\r\nNO PLEN\u00c1RIO: Na reuni\u00e3o do dia 19.06.2019 o Plen\u00e1rio acatou o parecer da 7\u00aa Comiss\u00e3o e encaminhou a mat\u00e9ria para an\u00e1lise da 10\u00aa Comiss\u00e3o.\r\nNA 10\u00aa COMTICDETRE - Relator: Ver. Eloi Abreu (21.05.2019) - Na reuni\u00e3o do dia 14.08.2019 foi aprovado o parecer favor\u00e1vel pela totalidade dos presentes.\r\nNo PLEN\u00c1RIO: Na reuni\u00e3o Ordin\u00e1ria do dia 26.08.2019 o plen\u00e1rio acatou o parecer da 10\u00ba Comiss\u00e3o e em seguida aprovou a mat\u00e9ria em 1\u00aa discuss\u00e3o. Na reuni\u00e3o ordin\u00e1ria do dia 27.08.2019 o Projeto foi aprovado em 2\u00aa discuss\u00e3o e encaminhado \u00e0 san\u00e7\u00e3o do Senhor Prefeito.\r\nFoi \u00e0 san\u00e7\u00e3o (OF.N\u00ba 104/2019 - DICEL/DL/CMM).\r\nAPROVADO\r\nLei n\u00ba 2507 de 19 de Setembro de 2019 - DOM 19.09.2019 (Ano XX, Edi\u00e7\u00e3o 4685).","resultado":"","texto_original":"http://sapl.cmm.am.gov.br/media/sapl/public/materialegislativa/2017/3380/pl-331-2017-amauri-colares-lei-2507-2019-dom-4685-20-09-2019.pdf","data_ultima_atualizacao":"2024-06-26T11:09:19.608693-04:00","ip":"172.23.0.179","ultima_edicao":"2020-12-04T07:27:17.163806-04:00","tipo":4,"regime_tramitacao":1,"tipo_origem_externa":null,"local_origem_externa":null,"user":36,"anexadas":[],"autores":[12]}