{"id":3373,"__str__":"Projeto de Lei n\u00ba 121 de 2018","metadata":{},"numero":121,"ano":2018,"numero_protocolo":null,"data_apresentacao":"2018-06-11","tipo_apresentacao":"","data_publicacao":null,"numero_origem_externa":"","ano_origem_externa":null,"data_origem_externa":null,"apelido":"","dias_prazo":null,"data_fim_prazo":null,"em_tramitacao":false,"polemica":null,"objeto":"","complementar":null,"ementa":"DISP\u00d5E sobre a disponibiliza\u00e7\u00e3o de cadeira de rodas nos cemit\u00e9rios p\u00fablicos ou privados do munic\u00edpio de Manaus e d\u00e1 outras provid\u00eancias.","indexacao":"","observacao":"Delibera\u00e7\u00e3o: 11.06.2018\r\nNA PROCURADORIA: (15.08.2018) A Procuradoria exarou parecer favor\u00e1vel \u00e0 mat\u00e9ria.\r\nNA 2\u00aa CCJR - Relator: Ver. Marcel Alexandre (27.08.2018) - Na reuni\u00e3o do dia 17.04.2019 foi aprovado o parecer favor\u00e1vel pela totalidade dos presentes.\r\nNO PLEN\u00c1RIO: Na reuni\u00e3o do dia 06.05.2019 foi concedido \u00e0 Ver.\u00aa Prof.\u00aa Jacqueline o pedido de vista. Na reuni\u00e3o do dia 06.05.2019 o Plen\u00e1rio acatou o parecer da 2\u00aa Comiss\u00e3o e encaminhou a mat\u00e9ria para an\u00e1lise da 3\u00aa Comiss\u00e3o.\r\nNA 3\u00aa CFEO - Relator: Ver. Marcel Alexandre (15.05.2019) - Na reuni\u00e3o do dia 28.05.2019 foi aprovado o parecer favor\u00e1vel pela totalidade dos presentes.\r\nNO PLEN\u00c1RIO: Na reuni\u00e3o do dia 10.06.2019 o Plen\u00e1rio acatou o parecer da 3\u00aa Comiss\u00e3o e encaminhou a mat\u00e9ria para an\u00e1lise da 10\u00aa Comiss\u00e3o.\r\nNA 10\u00aa COMTICDETRE - Relator: Ver. Isaac Tayah (12.06.2019) - Na reuni\u00e3o do dia 12.08.2019 foi aprovado o parecer favor\u00e1vel pela totalidade dos presentes.\r\nNo PLEN\u00c1RIO: Na reuni\u00e3o Ordin\u00e1ria do dia 20.08.2019 o plen\u00e1rio acatou o parecer da 10\u00ba Comiss\u00e3o e em seguida aprovou a mat\u00e9ria em 1\u00aa discuss\u00e3o. Na reuni\u00e3o ordin\u00e1ria do dia 26.08.2019 o Projeto foi aprovado em 2\u00aa discuss\u00e3o e encaminhado \u00e0 san\u00e7\u00e3o do Senhor Prefeito.\r\nFoi \u00e0 san\u00e7\u00e3o (OF.N\u00ba 101/2019 - DICEL/DL/CMM).\r\nAPROVADO\r\nLei n\u00ba 2500 de 16 de Setembro de 2019 - DOM 16.09.2019 (Ano XX, Edi\u00e7\u00e3o 4676).","resultado":"","texto_original":"http://sapl.cmm.am.gov.br/media/sapl/public/materialegislativa/2018/3373/pl-121-2018-hiram-nicolau-lei-2500-2019-dom-4681-16-09-2019.pdf","data_ultima_atualizacao":"2024-06-26T10:37:59.610320-04:00","ip":"172.23.0.179","ultima_edicao":"2020-12-03T09:32:52.790626-04:00","tipo":4,"regime_tramitacao":1,"tipo_origem_externa":null,"local_origem_externa":null,"user":36,"anexadas":[],"autores":[25]}