{"id":3189,"__str__":"Projeto de Lei n\u00ba 190 de 2018","metadata":{},"numero":190,"ano":2018,"numero_protocolo":null,"data_apresentacao":"2020-07-30","tipo_apresentacao":"","data_publicacao":null,"numero_origem_externa":"","ano_origem_externa":null,"data_origem_externa":null,"apelido":"","dias_prazo":null,"data_fim_prazo":null,"em_tramitacao":false,"polemica":null,"objeto":"","complementar":null,"ementa":"INSTITUI a caminhada ao Combate a Viol\u00eancia Obst\u00e9trica na cidade de Manaus, e d\u00e1 outras provid\u00eancias.","indexacao":"","observacao":"Delibera\u00e7\u00e3o: 30/07/2018\r\nNA PROCURADORIA:(14/08/2018) A Procuradoria exarou parecer desfavor\u00e1vel \u00e0 mat\u00e9ria.\r\nNA 2\u00aa CCJR - Relator: Pl\u00ednio Val\u00e9rio (27.08.2018) - Na reuni\u00e3o n\u00e3o foram apresentadas emendas do projeto de lei.\r\nNA 2\u00aa CCJR - Relator: Wallace Oliveira (14.05.2019) - Na reuni\u00e3o do dia 18/02/2019 foi aprovado o parecer favor\u00e1vel pela totalidade dos presentes.\r\nNa 3\u00aa CFEO - Relator: Alonso Oliveira (16.05.2019) - Na reuni\u00e3o do dia 18/02/2019 foi aprovado o parecer favor\u00e1vel pela totalidade dos presentes.\r\nNo PLEN\u00c1RIO: Na reuni\u00e3o Ordin\u00e1ria do dia 10.06.2019 o plen\u00e1rio acatou o parecer das comiss\u00f5es e em seguida aprovou em 1\u00aa discuss\u00e3o.\r\nNo PLEN\u00c1RIO: Na reuni\u00e3o ordin\u00e1ria do dia 11.06.2019 foi aprovado em 2\u00aa discuss\u00e3o. Encaminhado \u00e0 San\u00e7\u00e3o do Senhor Prefeito.\r\nFoi \u00e0 san\u00e7\u00e3o (OF.N\u00ba 061/2019 - DICEL/DL/CMM).\r\nAPROVADO\r\nLei n\u00ba 2470 de 03 de Julho de 2019 - DOM 03.07.2019 (Ano XX, Edi\u00e7\u00e3o 4630).","resultado":"","texto_original":"http://sapl.cmm.am.gov.br/media/sapl/public/materialegislativa/2018/3189/pl-190-2018-joana-darc-lei-2470-dom-4630-03-07-2019.pdf","data_ultima_atualizacao":"2024-06-25T13:06:43.044828-04:00","ip":"172.23.0.179","ultima_edicao":"2020-11-03T05:52:42.627946-04:00","tipo":4,"regime_tramitacao":1,"tipo_origem_externa":null,"local_origem_externa":null,"user":36,"anexadas":[],"autores":[32]}