{"id":30908,"__str__":"Projeto de Lei n\u00ba 283 de 2022","metadata":{},"numero":283,"ano":2022,"numero_protocolo":null,"data_apresentacao":"2022-07-05","tipo_apresentacao":"E","data_publicacao":null,"numero_origem_externa":"283","ano_origem_externa":2022,"data_origem_externa":"2022-07-05","apelido":"","dias_prazo":null,"data_fim_prazo":null,"em_tramitacao":false,"polemica":null,"objeto":"","complementar":null,"ementa":"CONCEDE reajuste salarial aos servidores da Secretaria Municipal de Sa\u00fade e d\u00e1 outras provid\u00eancias.","indexacao":"","observacao":"DELIBERA\u00c7\u00c3O: 06/07/2022. Aprovado em REGIME DE URG\u00caNCIA.\r\nEm 06/07/2022: Segue para an\u00e1lise e emiss\u00e3o de parecer da 2a. CCJR.\r\nProcuradoria: Parecer favor\u00e1vel\r\n2\u00aa CCJR: Relator: Ver Marcelo Serafim (06/07/2022 - 11/07/2022)  - Aprovado o parecer favor\u00e1vel, pela totalidade dos presentes, na reuni\u00e3o do dia 06/07/2022. \r\n3\u00aa CFEO - Relator Lissandro Breval (06/07/2022 - 11/07/2022) - Parecer favor\u00e1vel - Aprovado o parecer favor\u00e1vel pela totalidade dos presentes \u00e0 reuni\u00e3o do dia 06/07/2022.\r\n6\u00aa COMSAU-RELATOR: Ver. Dr. Daniel Vasconcelos (06/07/2022-11/07/2022). Aprovado o parecer favor\u00e1vel por unanimidade dos membros, na reuni\u00e3o do dia 06.07.2022\r\n7\u00ba COMSOP: Relator: Ver. Wanderley Monteiro - Aprovado o parecer favor\u00e1vel, pela totalidade dos presentes, na reuni\u00e3o do dia 06/07/2022.\r\nNo PLEN\u00c1RIO: Na reuni\u00e3o ordin\u00e1ria do dia 06/07/2022, foram aprovados os pareceres da 2a., 3a., 6a. e 7a. Comiss\u00f5es. O projeto foi APROVADO em Discuss\u00e3o \u00danica. Segue \u00e0 SAN\u00c7\u00c3O do senhor Prefeito.","resultado":"","texto_original":"http://sapl.cmm.am.gov.br/media/sapl/public/materialegislativa/2022/30908/pl_283_2022_mens_63_2022_reajuste_semsa.pdf","data_ultima_atualizacao":"2024-06-11T12:25:03.228264-04:00","ip":"172.23.5.67","ultima_edicao":"2022-07-06T16:33:53.313320-04:00","tipo":4,"regime_tramitacao":2,"tipo_origem_externa":4,"local_origem_externa":1,"user":13,"anexadas":[],"autores":[106]}