{"id":30846,"__str__":"Projeto de Lei n\u00ba 278 de 2022","metadata":{},"numero":278,"ano":2022,"numero_protocolo":8610,"data_apresentacao":"2022-07-05","tipo_apresentacao":"E","data_publicacao":null,"numero_origem_externa":"","ano_origem_externa":2022,"data_origem_externa":null,"apelido":"","dias_prazo":null,"data_fim_prazo":null,"em_tramitacao":true,"polemica":null,"objeto":"","complementar":null,"ementa":"INSTITUI o Dia Municipal de Conscientiza\u00e7\u00e3o sobre os Riscos do Aborto no \u00e2mbito do munic\u00edpio de Manaus.","indexacao":"INSTITUI o Dia Municipal de Conscientiza\u00e7\u00e3o sobre os Riscos do Aborto no \u00e2mbito do munic\u00edpio de Manaus.","observacao":"Em 27/09/2022: Projeto entrou na pauta, mas n\u00e3o foi deliberado devido \u00e0 aus\u00eancia do autor. Aguarda a pr\u00f3xima inclus\u00e3o em pauta.\r\nEm 05/10/2022, o projeto entrou em pauta para delibera\u00e7\u00e3o, mas n\u00e3o foi deliberado devido \u00e0 aus\u00eancia do autor. Aguarda pr\u00f3xima inclus\u00e3o em pauta.\r\nDELIBERA\u00c7\u00c3O: 19/10/2022. \r\nEm 19/10/2022: Segue para an\u00e1lise e emiss\u00e3o de parecer da 2a. CCJR.\r\nProcuradoria: 06/02/2023-13/12/2023.  Parecer favor\u00e1vel.\r\n2\u00aa CCJR - Relator: Ver. Mitoso (27/2/2023 a 7/3/2023). Parecer favor\u00e1vel. Aprovado o parecer favor\u00e1vel, pela totalidade dos presentes, na reuni\u00e3o ordin\u00e1ria do dia 5/4/2023.\r\nNo PLEN\u00c1RIO: Na reuni\u00e3o ordin\u00e1ria do dia 17/04/2023, o projeto entrou em pauta para aprova\u00e7\u00e3o do parecer favor\u00e1vel da 2\u00aa Comiss\u00e3o e 1a. discuss\u00e3o, mas n\u00e3o foi apreciado devido \u00e0 aus\u00eancia do autor. Aguarda pr\u00f3xima inclus\u00e3o em pauta.\r\nNo PLEN\u00c1RIO: Na reuni\u00e3o ordin\u00e1ria do dia 26/04/2023, foi aprovado o parecer favor\u00e1vel da 2\u00aa Comiss\u00e3o. Projeto aprovado em 1a. discuss\u00e3o. Aguardando 2a. discuss\u00e3o na forma da lei.\r\nNo PLEN\u00c1RIO: Na reuni\u00e3o extraordin\u00e1ria do dia 03/05/2023, o projeto foi APROVADO em 2\u00aa. discuss\u00e3o. Segue \u00e0 SAN\u00c7\u00c3O do senhor Prefeito.","resultado":"","texto_original":"http://sapl.cmm.am.gov.br/media/sapl/public/materialegislativa/2022/30846/pl_278_2022_marcel_alexandre_riscos_do_aborto.pdf","data_ultima_atualizacao":"2024-06-04T12:09:40.033483-04:00","ip":"172.17.0.1","ultima_edicao":"2023-05-04T09:52:22.779753-04:00","tipo":4,"regime_tramitacao":1,"tipo_origem_externa":4,"local_origem_externa":null,"user":13,"anexadas":[],"autores":[27]}