{"id":29942,"__str__":"Projeto de Lei n\u00ba 261 de 2022","metadata":{},"numero":261,"ano":2022,"numero_protocolo":7712,"data_apresentacao":"2022-06-21","tipo_apresentacao":"E","data_publicacao":null,"numero_origem_externa":"","ano_origem_externa":2022,"data_origem_externa":null,"apelido":"","dias_prazo":null,"data_fim_prazo":null,"em_tramitacao":true,"polemica":null,"objeto":"","complementar":null,"ementa":"INSTITUI o quarto domingo de julho como o Dia Municipal do Motorista de Transporte Especial, de Fretamento, Rodovi\u00e1rio e de Cargas na cidade de Manaus.","indexacao":"INSTITUI o quarto domingo de julho como o Dia Municipal do Motorista de Transporte Especial, de Fretamento, Rodovi\u00e1rio e de Cargas na cidade de Manaus.","observacao":"DELIBERA\u00c7\u00c3O: 23/11/2022. \r\nEm 23/11/2022: Segue para an\u00e1lise e emiss\u00e3o de parecer da 2a. CCJR.\r\nProcuradoria: 25/11/2022 - 01/12/2022.  Parecer favor\u00e1vel.\r\n2\u00aaCCJR-Relator: Ver. Caio Andr\u00e9 (06/12/2022-14/12/2022). Parecer Favor\u00e1vel. Aprovado o parecer Favor\u00e1vel pela Totalidade dos Presentes, na reuni\u00e3o ordin\u00e1ria do dia 01/03/2023.\r\nNo PLEN\u00c1RIO: Na reuni\u00e3o ordin\u00e1ria do dia 15/03/2022, a vota\u00e7\u00e3o do parecer favor\u00e1vel da 2\u00aa Comiss\u00e3o ao PL e da 1a. discuss\u00e3o foi suspensa por aus\u00eancia do autor no momento da vota\u00e7\u00e3o. Aguarda pr\u00f3xima inclus\u00e3o em pauta.\r\nNo PLEN\u00c1RIO: Na reuni\u00e3o ordin\u00e1ria do dia 20/03/2022, a vota\u00e7\u00e3o do parecer favor\u00e1vel da 2\u00aa Comiss\u00e3o e 1a. discuss\u00e3o foi suspensa por aus\u00eancia do autor no momento da vota\u00e7\u00e3o. Aguarda pr\u00f3xima inclus\u00e3o em pauta.\r\nNo PLEN\u00c1RIO: Na reuni\u00e3o ordin\u00e1ria do dia 22/03/2023, foi aprovado o parecer favor\u00e1vel da 2\u00aa Comiss\u00f5es. Projeto aprovado em 1a. discuss\u00e3o. Aguardando 2a. discuss\u00e3o na forma da lei.\r\nNo PLEN\u00c1RIO: Na reuni\u00e3o ordin\u00e1ria do dia 27/03/2023, o projeto foi APROVADO em 2\u00aa. discuss\u00e3o. Segue \u00e0 SAN\u00c7\u00c3O do senhor Prefeito.","resultado":"","texto_original":"http://sapl.cmm.am.gov.br/media/sapl/public/materialegislativa/2022/29942/pl_261_2022_jaildo_oliveira_dia_do_motorista.pdf","data_ultima_atualizacao":"2024-06-04T10:56:51.920893-04:00","ip":"172.17.0.1","ultima_edicao":"2023-03-27T14:06:21.449336-04:00","tipo":4,"regime_tramitacao":1,"tipo_origem_externa":4,"local_origem_externa":null,"user":13,"anexadas":[],"autores":[22]}